{"id":884,"date":"2015-10-12T21:24:03","date_gmt":"2015-10-12T19:24:03","guid":{"rendered":"http:\/\/www.ailes-montpellieraines.fr\/?p=884"},"modified":"2015-10-12T21:24:03","modified_gmt":"2015-10-12T19:24:03","slug":"philippe-et-son-emeraude","status":"publish","type":"post","link":"https:\/\/www.ailes-montpellieraines.fr\/index.php\/2015\/10\/12\/philippe-et-son-emeraude\/","title":{"rendered":"Philippe et son \u00c9meraude"},"content":{"rendered":"<p>Le 11 octobre, un nouvel avion a fait son arriv\u00e9e au club.<br \/>\nNotre ami Philippe GRENET vient de faire l&rsquo;acquisition d&rsquo;un superbe EMERAUDE.<br \/>\nParti de LENS il est arriv\u00e9 \u00e0 bonne destination apr\u00e8s 4 \u00e0 5 heures de vol dont une partie en\u00a0VFR \u00ab\u00a0on TOP\u00a0\u00bb et une escale \u00e0 ROANNE.<br \/>\nNous lui souhaitons donc de bons et longs vols avec sa nouvelle machine.<\/p>\n<p style=\"text-align: center;\"><a href=\"http:\/\/newsite.ailes-montpellieraines.fr\/wp-content\/uploads\/2015\/10\/DSCN0275-1.jpg\"><img fetchpriority=\"high\" decoding=\"async\" class=\"alignnone size-medium wp-image-886\" src=\"http:\/\/newsite.ailes-montpellieraines.fr\/wp-content\/uploads\/2015\/10\/DSCN0275-1-300x225.jpg\" alt=\"DSCN0275\" width=\"300\" height=\"225\" srcset=\"https:\/\/www.ailes-montpellieraines.fr\/wp-content\/uploads\/2015\/10\/DSCN0275-1-300x225.jpg 300w, https:\/\/www.ailes-montpellieraines.fr\/wp-content\/uploads\/2015\/10\/DSCN0275-1-1024x768.jpg 1024w, https:\/\/www.ailes-montpellieraines.fr\/wp-content\/uploads\/2015\/10\/DSCN0275-1-768x576.jpg 768w, https:\/\/www.ailes-montpellieraines.fr\/wp-content\/uploads\/2015\/10\/DSCN0275-1-1536x1152.jpg 1536w, https:\/\/www.ailes-montpellieraines.fr\/wp-content\/uploads\/2015\/10\/DSCN0275-1-2048x1536.jpg 2048w\" sizes=\"(max-width: 300px) 100vw, 300px\" \/><\/a> <a href=\"http:\/\/newsite.ailes-montpellieraines.fr\/wp-content\/uploads\/2015\/10\/DSCN0276-1.jpg\"><img decoding=\"async\" class=\"alignnone size-medium wp-image-887\" src=\"http:\/\/newsite.ailes-montpellieraines.fr\/wp-content\/uploads\/2015\/10\/DSCN0276-1-300x225.jpg\" alt=\"DSCN0276\" width=\"300\" height=\"225\" srcset=\"https:\/\/www.ailes-montpellieraines.fr\/wp-content\/uploads\/2015\/10\/DSCN0276-1-300x225.jpg 300w, https:\/\/www.ailes-montpellieraines.fr\/wp-content\/uploads\/2015\/10\/DSCN0276-1-1024x768.jpg 1024w, https:\/\/www.ailes-montpellieraines.fr\/wp-content\/uploads\/2015\/10\/DSCN0276-1-768x576.jpg 768w, https:\/\/www.ailes-montpellieraines.fr\/wp-content\/uploads\/2015\/10\/DSCN0276-1-1536x1152.jpg 1536w, https:\/\/www.ailes-montpellieraines.fr\/wp-content\/uploads\/2015\/10\/DSCN0276-1-2048x1536.jpg 2048w\" sizes=\"(max-width: 300px) 100vw, 300px\" \/><\/a><\/p>\n","protected":false},"excerpt":{"rendered":"<p>Le 11 octobre, un nouvel avion a fait son arriv\u00e9e au club. Notre ami Philippe GRENET vient de faire l&rsquo;acquisition d&rsquo;un superbe EMERAUDE. Parti de LENS il est arriv\u00e9 \u00e0 bonne destination apr\u00e8s 4 \u00e0 5 heures de vol dont<\/p>\n","protected":false},"author":1,"featured_media":885,"comment_status":"closed","ping_status":"closed","sticky":false,"template":"","format":"standard","meta":{"cybocfi_hide_featured_image":"","footnotes":""},"categories":[30],"tags":[],"class_list":["post-884","post","type-post","status-publish","format-standard","has-post-thumbnail","hentry","category-actualites"],"_links":{"self":[{"href":"https:\/\/www.ailes-montpellieraines.fr\/index.php\/wp-json\/wp\/v2\/posts\/884","targetHints":{"allow":["GET"]}}],"collection":[{"href":"https:\/\/www.ailes-montpellieraines.fr\/index.php\/wp-json\/wp\/v2\/posts"}],"about":[{"href":"https:\/\/www.ailes-montpellieraines.fr\/index.php\/wp-json\/wp\/v2\/types\/post"}],"author":[{"embeddable":true,"href":"https:\/\/www.ailes-montpellieraines.fr\/index.php\/wp-json\/wp\/v2\/users\/1"}],"replies":[{"embeddable":true,"href":"https:\/\/www.ailes-montpellieraines.fr\/index.php\/wp-json\/wp\/v2\/comments?post=884"}],"version-history":[{"count":0,"href":"https:\/\/www.ailes-montpellieraines.fr\/index.php\/wp-json\/wp\/v2\/posts\/884\/revisions"}],"wp:featuredmedia":[{"embeddable":true,"href":"https:\/\/www.ailes-montpellieraines.fr\/index.php\/wp-json\/wp\/v2\/media\/885"}],"wp:attachment":[{"href":"https:\/\/www.ailes-montpellieraines.fr\/index.php\/wp-json\/wp\/v2\/media?parent=884"}],"wp:term":[{"taxonomy":"category","embeddable":true,"href":"https:\/\/www.ailes-montpellieraines.fr\/index.php\/wp-json\/wp\/v2\/categories?post=884"},{"taxonomy":"post_tag","embeddable":true,"href":"https:\/\/www.ailes-montpellieraines.fr\/index.php\/wp-json\/wp\/v2\/tags?post=884"}],"curies":[{"name":"wp","href":"https:\/\/api.w.org\/{rel}","templated":true}]}}