{"id":417,"date":"2015-03-22T22:38:52","date_gmt":"2015-03-22T21:38:52","guid":{"rendered":"http:\/\/www.ailes-montpellieraines.fr\/?p=417"},"modified":"2015-03-22T22:38:52","modified_gmt":"2015-03-22T21:38:52","slug":"gard-2eme-salon-des-metiers-de-laeronautique-a-nimes","status":"publish","type":"post","link":"https:\/\/www.ailes-montpellieraines.fr\/index.php\/2015\/03\/22\/gard-2eme-salon-des-metiers-de-laeronautique-a-nimes\/","title":{"rendered":"Gard : 2\u00e8me Salon des m\u00e9tiers de l&#039;a\u00e9ronautique \u00e0 N\u00eemes"},"content":{"rendered":"<p>&nbsp;<br \/>\nLe 2e Salon des m\u00e9tiers et formations de l&rsquo;a\u00e9ronautique, organis\u00e9 par l\u2019a\u00e9roport de N\u00eemes et le rectorat de Montpellier, se tiendra le mardi 24 mars 2015 de 9h \u00e0 17h. Entr\u00e9e libre.<br \/>\n<a title=\"Programme Salon N\u00eemes\" href=\"http:\/\/www.sla-airport.com\/Fichiers\/actus\/171857Programmedefinitif.pdf\" target=\"_blank\" rel=\"noopener noreferrer\">Programme du Salon<\/a><br \/>\nPlus d&rsquo;informations :<br \/>\n<a title=\"Salon des m\u00e9tiers a\u00e9ronautiques. N\u00eemes\" href=\"http:\/\/www.aeroport-nimes.fr\/actus\/2eme-Salon-des-Metiers-et-Formations-de-l-Aeronautique\/229\/0\" target=\"_blank\" rel=\"noopener noreferrer\">http:\/\/www.aeroport-nimes.fr<\/a><\/p>\n","protected":false},"excerpt":{"rendered":"<p>&nbsp; Le 2e Salon des m\u00e9tiers et formations de l&rsquo;a\u00e9ronautique, organis\u00e9 par l\u2019a\u00e9roport de N\u00eemes et le rectorat de Montpellier, se tiendra le mardi 24 mars 2015 de 9h \u00e0 17h. Entr\u00e9e libre. Programme du Salon Plus d&rsquo;informations : http:\/\/www.aeroport-nimes.fr<\/p>\n","protected":false},"author":1,"featured_media":418,"comment_status":"closed","ping_status":"closed","sticky":false,"template":"","format":"standard","meta":{"cybocfi_hide_featured_image":"","footnotes":""},"categories":[30],"tags":[51,7,8,9,10,11,12,13,14,16,17,18,19,20,21,22,23,24,25,26,27],"class_list":["post-417","post","type-post","status-publish","format-standard","has-post-thumbnail","hentry","category-actualites","tag-actualites-ulm","tag-aeroclub","tag-aeroclub-les-ailes-montpellieraines","tag-aerodrome-montpellier-candillargues","tag-ailes-montpellieraines","tag-bapteme-de-lair","tag-brevet-pilote","tag-candillargues","tag-ecole-de-pilotage","tag-formation","tag-formation-pilote","tag-herault","tag-information-ulm","tag-les-ailes-montpellieraines","tag-littoral","tag-montpellier","tag-photo-aerienne","tag-piloter","tag-travaux-aeriens","tag-ulm","tag-voler"],"_links":{"self":[{"href":"https:\/\/www.ailes-montpellieraines.fr\/index.php\/wp-json\/wp\/v2\/posts\/417","targetHints":{"allow":["GET"]}}],"collection":[{"href":"https:\/\/www.ailes-montpellieraines.fr\/index.php\/wp-json\/wp\/v2\/posts"}],"about":[{"href":"https:\/\/www.ailes-montpellieraines.fr\/index.php\/wp-json\/wp\/v2\/types\/post"}],"author":[{"embeddable":true,"href":"https:\/\/www.ailes-montpellieraines.fr\/index.php\/wp-json\/wp\/v2\/users\/1"}],"replies":[{"embeddable":true,"href":"https:\/\/www.ailes-montpellieraines.fr\/index.php\/wp-json\/wp\/v2\/comments?post=417"}],"version-history":[{"count":0,"href":"https:\/\/www.ailes-montpellieraines.fr\/index.php\/wp-json\/wp\/v2\/posts\/417\/revisions"}],"wp:featuredmedia":[{"embeddable":true,"href":"https:\/\/www.ailes-montpellieraines.fr\/index.php\/wp-json\/wp\/v2\/media\/418"}],"wp:attachment":[{"href":"https:\/\/www.ailes-montpellieraines.fr\/index.php\/wp-json\/wp\/v2\/media?parent=417"}],"wp:term":[{"taxonomy":"category","embeddable":true,"href":"https:\/\/www.ailes-montpellieraines.fr\/index.php\/wp-json\/wp\/v2\/categories?post=417"},{"taxonomy":"post_tag","embeddable":true,"href":"https:\/\/www.ailes-montpellieraines.fr\/index.php\/wp-json\/wp\/v2\/tags?post=417"}],"curies":[{"name":"wp","href":"https:\/\/api.w.org\/{rel}","templated":true}]}}