{"id":391,"date":"2015-03-15T19:25:04","date_gmt":"2015-03-15T18:25:04","guid":{"rendered":"http:\/\/www.ailes-montpellieraines.fr\/?p=391"},"modified":"2015-03-15T19:25:04","modified_gmt":"2015-03-15T18:25:04","slug":"turbiattero","status":"publish","type":"post","link":"https:\/\/www.ailes-montpellieraines.fr\/index.php\/2015\/03\/15\/turbiattero\/","title":{"rendered":"Turbiattero"},"content":{"rendered":"<p><a href=\"http:\/\/newsite.ailes-montpellieraines.fr\/wp-content\/uploads\/2015\/02\/turbiattero-1.jpg\"><img fetchpriority=\"high\" decoding=\"async\" class=\"alignnone size-medium wp-image-264\" src=\"http:\/\/newsite.ailes-montpellieraines.fr\/wp-content\/uploads\/2015\/02\/turbiattero-1-300x200.jpg\" alt=\"ULM,a\u00e9roclub,brevet pilote,piloter,voler,formation,formation pilote,\u00e9cole de pilotage,Candillargues,Montpellier,H\u00e9rault,bapt\u00eame de l'air,littoral,photo a\u00e9rienne\" width=\"300\" height=\"200\" \/><\/a><\/p>\n","protected":false},"excerpt":{"rendered":"","protected":false},"author":1,"featured_media":264,"comment_status":"closed","ping_status":"closed","sticky":false,"template":"","format":"image","meta":{"cybocfi_hide_featured_image":"","footnotes":""},"categories":[48],"tags":[7,8,9,10,11,12,13,14,16,17,18,19,20,21,22,23,24,25,26,27],"class_list":["post-391","post","type-post","status-publish","format-image","has-post-thumbnail","hentry","category-photos","tag-aeroclub","tag-aeroclub-les-ailes-montpellieraines","tag-aerodrome-montpellier-candillargues","tag-ailes-montpellieraines","tag-bapteme-de-lair","tag-brevet-pilote","tag-candillargues","tag-ecole-de-pilotage","tag-formation","tag-formation-pilote","tag-herault","tag-information-ulm","tag-les-ailes-montpellieraines","tag-littoral","tag-montpellier","tag-photo-aerienne","tag-piloter","tag-travaux-aeriens","tag-ulm","tag-voler","post_format-post-format-image"],"_links":{"self":[{"href":"https:\/\/www.ailes-montpellieraines.fr\/index.php\/wp-json\/wp\/v2\/posts\/391","targetHints":{"allow":["GET"]}}],"collection":[{"href":"https:\/\/www.ailes-montpellieraines.fr\/index.php\/wp-json\/wp\/v2\/posts"}],"about":[{"href":"https:\/\/www.ailes-montpellieraines.fr\/index.php\/wp-json\/wp\/v2\/types\/post"}],"author":[{"embeddable":true,"href":"https:\/\/www.ailes-montpellieraines.fr\/index.php\/wp-json\/wp\/v2\/users\/1"}],"replies":[{"embeddable":true,"href":"https:\/\/www.ailes-montpellieraines.fr\/index.php\/wp-json\/wp\/v2\/comments?post=391"}],"version-history":[{"count":0,"href":"https:\/\/www.ailes-montpellieraines.fr\/index.php\/wp-json\/wp\/v2\/posts\/391\/revisions"}],"wp:featuredmedia":[{"embeddable":true,"href":"https:\/\/www.ailes-montpellieraines.fr\/index.php\/wp-json\/"}],"wp:attachment":[{"href":"https:\/\/www.ailes-montpellieraines.fr\/index.php\/wp-json\/wp\/v2\/media?parent=391"}],"wp:term":[{"taxonomy":"category","embeddable":true,"href":"https:\/\/www.ailes-montpellieraines.fr\/index.php\/wp-json\/wp\/v2\/categories?post=391"},{"taxonomy":"post_tag","embeddable":true,"href":"https:\/\/www.ailes-montpellieraines.fr\/index.php\/wp-json\/wp\/v2\/tags?post=391"}],"curies":[{"name":"wp","href":"https:\/\/api.w.org\/{rel}","templated":true}]}}