{"id":374,"date":"2015-02-16T21:17:41","date_gmt":"2015-02-16T20:17:41","guid":{"rendered":"http:\/\/localhost:8888\/wordpress-AilesMontpellieraines\/?p=95"},"modified":"2015-02-16T21:17:41","modified_gmt":"2015-02-16T20:17:41","slug":"le-raid-gaulois-passe-par-candillargues","status":"publish","type":"post","link":"https:\/\/www.ailes-montpellieraines.fr\/index.php\/2015\/02\/16\/le-raid-gaulois-passe-par-candillargues\/","title":{"rendered":"Le Raid Gaulois passe par Candillargues !"},"content":{"rendered":"<p><strong>Le Raid Gaulois<\/strong><br \/>\n<strong>Du 16 au 28 mai 2015<\/strong><br \/>\n<a href=\"http:\/\/www.rallye-ulm.fr\/pdf\/inscription.pdf\">http:\/\/www.rallye-ulm.fr\/pdf\/inscription.pdf<\/a><br \/>\nBretagne A\u00e9ropt\u00e8re organise du 16 au 28 Mai 2015 son 9\u00e8me rallye \u00abLE RAID GAULOIS\u00bb<br \/>\nL\u2019objectif est de regrouper 30 \u00e9quipages au maximum pour longer la France \u00e0 ses fronti\u00e8res pendant en 12 jours. Circuit original et in\u00e9dit, les \u00e9tapes vous offriront le contraste des paysages de notre pays dans une ambiance d\u2019exception et une assistance compl\u00e8te.<br \/>\nContact: Michel LE ROY \/ 06 85 34 61 42<br \/>\n<a href=\"mailto:bretagneaeroptere@orange.fr\">bretagneaeroptere@orange.fr<\/a><br \/>\n<a href=\"http:\/\/www.rallye-ulm.fr\/\" target=\"_blank\" rel=\"noopener noreferrer\">www.rallye-ulm.fr<\/a><br \/>\n&nbsp;<\/p>\n","protected":false},"excerpt":{"rendered":"<p>Le Raid Gaulois Du 16 au 28 mai 2015 http:\/\/www.rallye-ulm.fr\/pdf\/inscription.pdf Bretagne A\u00e9ropt\u00e8re organise du 16 au 28 Mai 2015 son 9\u00e8me rallye \u00abLE RAID GAULOIS\u00bb L\u2019objectif est de regrouper 30 \u00e9quipages au maximum pour longer la France \u00e0 ses fronti\u00e8res<\/p>\n","protected":false},"author":1,"featured_media":96,"comment_status":"closed","ping_status":"closed","sticky":false,"template":"","format":"standard","meta":{"cybocfi_hide_featured_image":"","footnotes":""},"categories":[30],"tags":[7,8,9,10,11,12,13,14,15,16,17,18,19,20,21,22,23,24,25,26,27,28],"class_list":["post-374","post","type-post","status-publish","format-standard","has-post-thumbnail","hentry","category-actualites","tag-aeroclub","tag-aeroclub-les-ailes-montpellieraines","tag-aerodrome-montpellier-candillargues","tag-ailes-montpellieraines","tag-bapteme-de-lair","tag-brevet-pilote","tag-candillargues","tag-ecole-de-pilotage","tag-ecole-de-voltige","tag-formation","tag-formation-pilote","tag-herault","tag-information-ulm","tag-les-ailes-montpellieraines","tag-littoral","tag-montpellier","tag-photo-aerienne","tag-piloter","tag-travaux-aeriens","tag-ulm","tag-voler","tag-voltige"],"_links":{"self":[{"href":"https:\/\/www.ailes-montpellieraines.fr\/index.php\/wp-json\/wp\/v2\/posts\/374","targetHints":{"allow":["GET"]}}],"collection":[{"href":"https:\/\/www.ailes-montpellieraines.fr\/index.php\/wp-json\/wp\/v2\/posts"}],"about":[{"href":"https:\/\/www.ailes-montpellieraines.fr\/index.php\/wp-json\/wp\/v2\/types\/post"}],"author":[{"embeddable":true,"href":"https:\/\/www.ailes-montpellieraines.fr\/index.php\/wp-json\/wp\/v2\/users\/1"}],"replies":[{"embeddable":true,"href":"https:\/\/www.ailes-montpellieraines.fr\/index.php\/wp-json\/wp\/v2\/comments?post=374"}],"version-history":[{"count":0,"href":"https:\/\/www.ailes-montpellieraines.fr\/index.php\/wp-json\/wp\/v2\/posts\/374\/revisions"}],"wp:featuredmedia":[{"embeddable":true,"href":"https:\/\/www.ailes-montpellieraines.fr\/index.php\/wp-json\/wp\/v2\/media\/96"}],"wp:attachment":[{"href":"https:\/\/www.ailes-montpellieraines.fr\/index.php\/wp-json\/wp\/v2\/media?parent=374"}],"wp:term":[{"taxonomy":"category","embeddable":true,"href":"https:\/\/www.ailes-montpellieraines.fr\/index.php\/wp-json\/wp\/v2\/categories?post=374"},{"taxonomy":"post_tag","embeddable":true,"href":"https:\/\/www.ailes-montpellieraines.fr\/index.php\/wp-json\/wp\/v2\/tags?post=374"}],"curies":[{"name":"wp","href":"https:\/\/api.w.org\/{rel}","templated":true}]}}