{"id":373,"date":"2015-02-16T20:40:28","date_gmt":"2015-02-16T19:40:28","guid":{"rendered":"http:\/\/localhost:8888\/wordpress-AilesMontpellieraines\/?p=84"},"modified":"2015-02-16T20:40:28","modified_gmt":"2015-02-16T19:40:28","slug":"ag-ffplum-lr","status":"publish","type":"post","link":"https:\/\/www.ailes-montpellieraines.fr\/index.php\/2015\/02\/16\/ag-ffplum-lr\/","title":{"rendered":"AG FFPLUM-LR"},"content":{"rendered":"<p><strong>L&rsquo;Assembl\u00e9e G\u00e9n\u00e9rale du Comit\u00e9 R\u00e9gional Languedoc-Roussillon<\/strong><br \/>\n<strong>s&rsquo;est tenue le samedi 28 f\u00e9vrier 2015 \u00e0 10h<\/strong><br \/>\n&nbsp;<br \/>\nDans les locaux de l&rsquo;a\u00e9roclub \u00ab\u00a0les Ailes Montpelli\u00e9raines \u00ab\u00a0, sur le terrain de Candillargues.<\/p>\n","protected":false},"excerpt":{"rendered":"<p>L&rsquo;Assembl\u00e9e G\u00e9n\u00e9rale du Comit\u00e9 R\u00e9gional Languedoc-Roussillon s&rsquo;est tenue le samedi 28 f\u00e9vrier 2015 \u00e0 10h &nbsp; Dans les locaux de l&rsquo;a\u00e9roclub \u00ab\u00a0les Ailes Montpelli\u00e9raines \u00ab\u00a0, sur le terrain de Candillargues.<\/p>\n","protected":false},"author":1,"featured_media":98,"comment_status":"closed","ping_status":"closed","sticky":false,"template":"","format":"standard","meta":{"cybocfi_hide_featured_image":"","footnotes":""},"categories":[30],"tags":[7,8,9,10,11,12,13,14,15,16,17,18,19,20,21,22,23,24,25,26,27,28],"class_list":["post-373","post","type-post","status-publish","format-standard","has-post-thumbnail","hentry","category-actualites","tag-aeroclub","tag-aeroclub-les-ailes-montpellieraines","tag-aerodrome-montpellier-candillargues","tag-ailes-montpellieraines","tag-bapteme-de-lair","tag-brevet-pilote","tag-candillargues","tag-ecole-de-pilotage","tag-ecole-de-voltige","tag-formation","tag-formation-pilote","tag-herault","tag-information-ulm","tag-les-ailes-montpellieraines","tag-littoral","tag-montpellier","tag-photo-aerienne","tag-piloter","tag-travaux-aeriens","tag-ulm","tag-voler","tag-voltige"],"_links":{"self":[{"href":"https:\/\/www.ailes-montpellieraines.fr\/index.php\/wp-json\/wp\/v2\/posts\/373","targetHints":{"allow":["GET"]}}],"collection":[{"href":"https:\/\/www.ailes-montpellieraines.fr\/index.php\/wp-json\/wp\/v2\/posts"}],"about":[{"href":"https:\/\/www.ailes-montpellieraines.fr\/index.php\/wp-json\/wp\/v2\/types\/post"}],"author":[{"embeddable":true,"href":"https:\/\/www.ailes-montpellieraines.fr\/index.php\/wp-json\/wp\/v2\/users\/1"}],"replies":[{"embeddable":true,"href":"https:\/\/www.ailes-montpellieraines.fr\/index.php\/wp-json\/wp\/v2\/comments?post=373"}],"version-history":[{"count":0,"href":"https:\/\/www.ailes-montpellieraines.fr\/index.php\/wp-json\/wp\/v2\/posts\/373\/revisions"}],"wp:featuredmedia":[{"embeddable":true,"href":"https:\/\/www.ailes-montpellieraines.fr\/index.php\/wp-json\/"}],"wp:attachment":[{"href":"https:\/\/www.ailes-montpellieraines.fr\/index.php\/wp-json\/wp\/v2\/media?parent=373"}],"wp:term":[{"taxonomy":"category","embeddable":true,"href":"https:\/\/www.ailes-montpellieraines.fr\/index.php\/wp-json\/wp\/v2\/categories?post=373"},{"taxonomy":"post_tag","embeddable":true,"href":"https:\/\/www.ailes-montpellieraines.fr\/index.php\/wp-json\/wp\/v2\/tags?post=373"}],"curies":[{"name":"wp","href":"https:\/\/api.w.org\/{rel}","templated":true}]}}