{"id":3437,"date":"2024-06-16T11:43:43","date_gmt":"2024-06-16T09:43:43","guid":{"rendered":"https:\/\/www.ailes-montpellieraines.fr\/?p=3437"},"modified":"2024-06-16T11:50:35","modified_gmt":"2024-06-16T09:50:35","slug":"brouillon-auto","status":"publish","type":"post","link":"https:\/\/www.ailes-montpellieraines.fr\/index.php\/2024\/06\/16\/brouillon-auto\/","title":{"rendered":"Les Ailes Montpelli\u00e9raines : le plaisir de voler au soleil !"},"content":{"rendered":"\t\t<div data-elementor-type=\"wp-post\" data-elementor-id=\"3437\" class=\"elementor elementor-3437\">\n\t\t\t\t\t\t<section class=\"elementor-section elementor-top-section elementor-element elementor-element-1d94209 elementor-section-boxed elementor-section-height-default elementor-section-height-default\" data-id=\"1d94209\" data-element_type=\"section\" data-e-type=\"section\">\n\t\t\t\t\t\t<div class=\"elementor-container elementor-column-gap-default\">\n\t\t\t\t\t<div class=\"elementor-column elementor-col-100 elementor-top-column elementor-element elementor-element-44cd4d9\" data-id=\"44cd4d9\" data-element_type=\"column\" data-e-type=\"column\">\n\t\t\t<div class=\"elementor-widget-wrap elementor-element-populated\">\n\t\t\t\t\t\t<div class=\"elementor-element elementor-element-38a6a6b content-align-cta-default elementor-widget elementor-widget-eael-cta-box\" data-id=\"38a6a6b\" data-element_type=\"widget\" data-e-type=\"widget\" data-widget_type=\"eael-cta-box.default\">\n\t\t\t\t<div class=\"elementor-widget-container\">\n\t\t\t\t\t\t\t<div class=\"eael-call-to-action cta-basic bg-lite cta-preset-1\">\n        <h2 class=\"title eael-cta-heading\">Les Ailes Montpelli\u00e9raines : le plaisir de voler au soleil ! <\/h2><p>La FFPLUM met en valeur notre club, et a rencontr\u00e9 le pr\u00e9sident et le chef pilote : ils nous expliquent comment notre engagement associatif construit au quotidien un lieu o\u00f9 il fait bon voler.<\/p><a href=\"https:\/\/ffplum.fr\/medias\/lettres-d-informations\/1450-les-ailes-montpellieraines-le-plaisir-de-voler-au-soleil\" class=\"cta-button cta-preset-1  \">Lire les t\u00e9moignages<\/a>\t<\/div>\n\t\t\t\t\t\t\t\t<\/div>\n\t\t\t\t<\/div>\n\t\t\t\t\t<\/div>\n\t\t<\/div>\n\t\t\t\t\t<\/div>\n\t\t<\/section>\n\t\t\t\t<\/div>\n\t\t","protected":false},"excerpt":{"rendered":"<p>Les Ailes Montpelli\u00e9raines : le plaisir de voler au soleil ! La FFPLUM met en valeur notre club, et a rencontr\u00e9 le pr\u00e9sident et le chef pilote : ils nous expliquent comment notre engagement associatif construit au quotidien un lieu<\/p>\n","protected":false},"author":25,"featured_media":3438,"comment_status":"closed","ping_status":"closed","sticky":false,"template":"","format":"standard","meta":{"cybocfi_hide_featured_image":"","footnotes":""},"categories":[52,30,1,43],"tags":[],"class_list":["post-3437","post","type-post","status-publish","format-standard","has-post-thumbnail","hentry","category-actu-ulm","category-actualites","category-non-classe","category-temoignages"],"_links":{"self":[{"href":"https:\/\/www.ailes-montpellieraines.fr\/index.php\/wp-json\/wp\/v2\/posts\/3437","targetHints":{"allow":["GET"]}}],"collection":[{"href":"https:\/\/www.ailes-montpellieraines.fr\/index.php\/wp-json\/wp\/v2\/posts"}],"about":[{"href":"https:\/\/www.ailes-montpellieraines.fr\/index.php\/wp-json\/wp\/v2\/types\/post"}],"author":[{"embeddable":true,"href":"https:\/\/www.ailes-montpellieraines.fr\/index.php\/wp-json\/wp\/v2\/users\/25"}],"replies":[{"embeddable":true,"href":"https:\/\/www.ailes-montpellieraines.fr\/index.php\/wp-json\/wp\/v2\/comments?post=3437"}],"version-history":[{"count":8,"href":"https:\/\/www.ailes-montpellieraines.fr\/index.php\/wp-json\/wp\/v2\/posts\/3437\/revisions"}],"predecessor-version":[{"id":3446,"href":"https:\/\/www.ailes-montpellieraines.fr\/index.php\/wp-json\/wp\/v2\/posts\/3437\/revisions\/3446"}],"wp:featuredmedia":[{"embeddable":true,"href":"https:\/\/www.ailes-montpellieraines.fr\/index.php\/wp-json\/wp\/v2\/media\/3438"}],"wp:attachment":[{"href":"https:\/\/www.ailes-montpellieraines.fr\/index.php\/wp-json\/wp\/v2\/media?parent=3437"}],"wp:term":[{"taxonomy":"category","embeddable":true,"href":"https:\/\/www.ailes-montpellieraines.fr\/index.php\/wp-json\/wp\/v2\/categories?post=3437"},{"taxonomy":"post_tag","embeddable":true,"href":"https:\/\/www.ailes-montpellieraines.fr\/index.php\/wp-json\/wp\/v2\/tags?post=3437"}],"curies":[{"name":"wp","href":"https:\/\/api.w.org\/{rel}","templated":true}]}}