{"id":3126,"date":"2020-09-01T16:12:13","date_gmt":"2020-09-01T14:12:13","guid":{"rendered":"https:\/\/www.ailes-montpellieraines.fr\/?p=3126"},"modified":"2020-09-01T16:16:23","modified_gmt":"2020-09-01T14:16:23","slug":"evasion-voyage","status":"publish","type":"post","link":"https:\/\/www.ailes-montpellieraines.fr\/index.php\/2020\/09\/01\/evasion-voyage\/","title":{"rendered":"\u00c9vasion &#038; Voyage"},"content":{"rendered":"<p><em><strong>Bonjour \u00e0 tous,<\/strong><\/em><\/p>\n<p><strong>Les r\u00e9dacteurs du blog \u00ab\u00a0<a href=\"https:\/\/evasionetvoyage.travel.blog\/2020\/08\/31\/survoler-la-camargue-en-ulm-2\/\">Evasion &amp; Voyage<\/a>\u00a0\u00bb ont effectu\u00e9 un bapt\u00eame de l&rsquo;air aux Ailes Montpelli\u00e9raines en novembre 2020.<\/strong><\/p>\n<p><strong>Ils partagent dans l&rsquo;article suivant leur exp\u00e9rience.<\/strong><\/p>\n<blockquote><p><strong>&#8211;&gt; <a href=\"https:\/\/evasionetvoyage.travel.blog\/2020\/08\/31\/survoler-la-camargue-en-ulm-2\/\">Voir article<\/a><\/strong><\/p><\/blockquote>\n<p><strong>Merci \u00e0 eux !<\/strong><\/p>\n","protected":false},"excerpt":{"rendered":"<p>Bonjour \u00e0 tous, Les r\u00e9dacteurs du blog \u00ab\u00a0Evasion &amp; Voyage\u00a0\u00bb ont effectu\u00e9 un bapt\u00eame de l&rsquo;air aux Ailes Montpelli\u00e9raines en novembre 2020. Ils partagent dans l&rsquo;article suivant leur exp\u00e9rience. &#8211;&gt; Voir article Merci \u00e0 eux !<\/p>\n","protected":false},"author":1,"featured_media":3127,"comment_status":"closed","ping_status":"closed","sticky":false,"template":"","format":"standard","meta":{"cybocfi_hide_featured_image":"","footnotes":""},"categories":[52],"tags":[],"class_list":["post-3126","post","type-post","status-publish","format-standard","has-post-thumbnail","hentry","category-actu-ulm"],"_links":{"self":[{"href":"https:\/\/www.ailes-montpellieraines.fr\/index.php\/wp-json\/wp\/v2\/posts\/3126","targetHints":{"allow":["GET"]}}],"collection":[{"href":"https:\/\/www.ailes-montpellieraines.fr\/index.php\/wp-json\/wp\/v2\/posts"}],"about":[{"href":"https:\/\/www.ailes-montpellieraines.fr\/index.php\/wp-json\/wp\/v2\/types\/post"}],"author":[{"embeddable":true,"href":"https:\/\/www.ailes-montpellieraines.fr\/index.php\/wp-json\/wp\/v2\/users\/1"}],"replies":[{"embeddable":true,"href":"https:\/\/www.ailes-montpellieraines.fr\/index.php\/wp-json\/wp\/v2\/comments?post=3126"}],"version-history":[{"count":6,"href":"https:\/\/www.ailes-montpellieraines.fr\/index.php\/wp-json\/wp\/v2\/posts\/3126\/revisions"}],"predecessor-version":[{"id":3133,"href":"https:\/\/www.ailes-montpellieraines.fr\/index.php\/wp-json\/wp\/v2\/posts\/3126\/revisions\/3133"}],"wp:featuredmedia":[{"embeddable":true,"href":"https:\/\/www.ailes-montpellieraines.fr\/index.php\/wp-json\/wp\/v2\/media\/3127"}],"wp:attachment":[{"href":"https:\/\/www.ailes-montpellieraines.fr\/index.php\/wp-json\/wp\/v2\/media?parent=3126"}],"wp:term":[{"taxonomy":"category","embeddable":true,"href":"https:\/\/www.ailes-montpellieraines.fr\/index.php\/wp-json\/wp\/v2\/categories?post=3126"},{"taxonomy":"post_tag","embeddable":true,"href":"https:\/\/www.ailes-montpellieraines.fr\/index.php\/wp-json\/wp\/v2\/tags?post=3126"}],"curies":[{"name":"wp","href":"https:\/\/api.w.org\/{rel}","templated":true}]}}