{"id":2984,"date":"2020-02-25T14:45:58","date_gmt":"2020-02-25T13:45:58","guid":{"rendered":"https:\/\/www.ailes-montpellieraines.fr\/?p=2984"},"modified":"2020-05-07T20:02:49","modified_gmt":"2020-05-07T18:02:49","slug":"remise-en-vol-rev","status":"publish","type":"post","link":"https:\/\/www.ailes-montpellieraines.fr\/index.php\/2020\/02\/25\/remise-en-vol-rev\/","title":{"rendered":"Remise En Vol (REV)"},"content":{"rendered":"\t\t<div data-elementor-type=\"wp-post\" data-elementor-id=\"2984\" class=\"elementor elementor-2984\">\n\t\t\t\t\t\t<section class=\"elementor-section elementor-top-section elementor-element elementor-element-3cbb464e elementor-section-boxed elementor-section-height-default elementor-section-height-default\" data-id=\"3cbb464e\" data-element_type=\"section\" data-e-type=\"section\">\n\t\t\t\t\t\t<div class=\"elementor-container elementor-column-gap-default\">\n\t\t\t\t\t<div class=\"elementor-column elementor-col-100 elementor-top-column elementor-element elementor-element-4b38487d\" data-id=\"4b38487d\" data-element_type=\"column\" data-e-type=\"column\">\n\t\t\t<div class=\"elementor-widget-wrap elementor-element-populated\">\n\t\t\t\t\t\t<div class=\"elementor-element elementor-element-4555b418 elementor-widget elementor-widget-text-editor\" data-id=\"4555b418\" data-element_type=\"widget\" data-e-type=\"widget\" data-widget_type=\"text-editor.default\">\n\t\t\t\t<div class=\"elementor-widget-container\">\n\t\t\t\t\t\t\t\t\t<p><\/p>\n<h4 class=\"wp-block-heading\">Remise En Vol,&nbsp;d\u00e9marches simplifi\u00e9es en 2020 !<\/h4>\n<p><\/p>\n<p><\/p>\n<h4 class=\"wp-block-heading\">Pour aider le pilote \u00e0 \u00eatre expert de son ULM<\/h4>\n<p><\/p>\n<p><\/p>\n<p>La F\u00e9d\u00e9ration a d\u00e9cid\u00e9 de mettre en place \u00e0 partir de 2018, en la reconduisant chaque ann\u00e9e,&nbsp;l\u2019op\u00e9ration&nbsp;<strong>R<\/strong>emise&nbsp;<strong>e<\/strong>n&nbsp;<strong>V<\/strong>ol qui consiste \u00e0 favoriser la rencontre entre un pilote brevet\u00e9 et un instructeur pour suivre une heure de vol avec son ULM.<\/p>\n<p><\/p>\n<p><\/p>\n<p>Cette d\u00e9marche est&nbsp;totalement volontaire. Elle concerne toutes les classes.<\/p>\n<p><\/p>\n<p><\/p>\n<p>La F\u00e9d\u00e9ration apportera une aide de 60 euros au pilote qui aura fait&nbsp;<strong>R<\/strong>emise&nbsp;<strong>e<\/strong>n&nbsp;<strong>V<\/strong>ol.<\/p>\n<p><\/p>\n<p><\/p>\n<p><br>En 2020, vos d\u00e9marches sont simplifi\u00e9es.Toutes les nouveaut\u00e9s vous sont expliqu\u00e9es&#8230; \u00ab&nbsp; <a rel=\"noreferrer noopener\" aria-label=\"Cliquez ici ! (s\u2019ouvre dans un nouvel onglet)\" href=\"https:\/\/ffplum.fr\/securite\/rev\" target=\"_blank\">Cliquez ici !<\/a>&nbsp;\u00bb<\/p>\n<p><\/p>\n<p><\/p>\n<p><\/p>\t\t\t\t\t\t\t\t<\/div>\n\t\t\t\t<\/div>\n\t\t\t\t\t<\/div>\n\t\t<\/div>\n\t\t\t\t\t<\/div>\n\t\t<\/section>\n\t\t\t\t<\/div>\n\t\t","protected":false},"excerpt":{"rendered":"<p>&nbsp; Remise En Vol,\u00a0d\u00e9marches simplifi\u00e9es en 2020 ! &nbsp; Pour aider le pilote \u00e0 \u00eatre expert de son ULM &nbsp; La F\u00e9d\u00e9ration a d\u00e9cid\u00e9 de mettre en place \u00e0 partir de 2018, en la reconduisant chaque ann\u00e9e,\u00a0l\u2019op\u00e9ration\u00a0Remise\u00a0en\u00a0Vol qui consiste \u00e0<\/p>\n","protected":false},"author":1,"featured_media":3038,"comment_status":"closed","ping_status":"open","sticky":false,"template":"","format":"standard","meta":{"cybocfi_hide_featured_image":"","footnotes":""},"categories":[52],"tags":[],"class_list":["post-2984","post","type-post","status-publish","format-standard","has-post-thumbnail","hentry","category-actu-ulm"],"_links":{"self":[{"href":"https:\/\/www.ailes-montpellieraines.fr\/index.php\/wp-json\/wp\/v2\/posts\/2984","targetHints":{"allow":["GET"]}}],"collection":[{"href":"https:\/\/www.ailes-montpellieraines.fr\/index.php\/wp-json\/wp\/v2\/posts"}],"about":[{"href":"https:\/\/www.ailes-montpellieraines.fr\/index.php\/wp-json\/wp\/v2\/types\/post"}],"author":[{"embeddable":true,"href":"https:\/\/www.ailes-montpellieraines.fr\/index.php\/wp-json\/wp\/v2\/users\/1"}],"replies":[{"embeddable":true,"href":"https:\/\/www.ailes-montpellieraines.fr\/index.php\/wp-json\/wp\/v2\/comments?post=2984"}],"version-history":[{"count":9,"href":"https:\/\/www.ailes-montpellieraines.fr\/index.php\/wp-json\/wp\/v2\/posts\/2984\/revisions"}],"predecessor-version":[{"id":3082,"href":"https:\/\/www.ailes-montpellieraines.fr\/index.php\/wp-json\/wp\/v2\/posts\/2984\/revisions\/3082"}],"wp:featuredmedia":[{"embeddable":true,"href":"https:\/\/www.ailes-montpellieraines.fr\/index.php\/wp-json\/wp\/v2\/media\/3038"}],"wp:attachment":[{"href":"https:\/\/www.ailes-montpellieraines.fr\/index.php\/wp-json\/wp\/v2\/media?parent=2984"}],"wp:term":[{"taxonomy":"category","embeddable":true,"href":"https:\/\/www.ailes-montpellieraines.fr\/index.php\/wp-json\/wp\/v2\/categories?post=2984"},{"taxonomy":"post_tag","embeddable":true,"href":"https:\/\/www.ailes-montpellieraines.fr\/index.php\/wp-json\/wp\/v2\/tags?post=2984"}],"curies":[{"name":"wp","href":"https:\/\/api.w.org\/{rel}","templated":true}]}}