{"id":2317,"date":"2019-05-13T17:18:21","date_gmt":"2019-05-13T15:18:21","guid":{"rendered":"http:\/\/www.ailes-montpellieraines.fr\/?p=2317"},"modified":"2020-04-26T10:04:04","modified_gmt":"2020-04-26T08:04:04","slug":"noces-de-lavande","status":"publish","type":"post","link":"https:\/\/www.ailes-montpellieraines.fr\/index.php\/2019\/05\/13\/noces-de-lavande\/","title":{"rendered":"Noces de lavande"},"content":{"rendered":"\t\t<div data-elementor-type=\"wp-post\" data-elementor-id=\"2317\" class=\"elementor elementor-2317\">\n\t\t\t\t\t\t<section class=\"elementor-section elementor-top-section elementor-element elementor-element-867720f elementor-section-boxed elementor-section-height-default elementor-section-height-default\" data-id=\"867720f\" data-element_type=\"section\" data-e-type=\"section\">\n\t\t\t\t\t\t<div class=\"elementor-container elementor-column-gap-default\">\n\t\t\t\t\t<div class=\"elementor-column elementor-col-100 elementor-top-column elementor-element elementor-element-2440cf18\" data-id=\"2440cf18\" data-element_type=\"column\" data-e-type=\"column\">\n\t\t\t<div class=\"elementor-widget-wrap elementor-element-populated\">\n\t\t\t\t\t\t<div class=\"elementor-element elementor-element-79f6693b elementor-widget elementor-widget-text-editor\" data-id=\"79f6693b\" data-element_type=\"widget\" data-e-type=\"widget\" data-widget_type=\"text-editor.default\">\n\t\t\t\t<div class=\"elementor-widget-container\">\n\t\t\t\t\t\t\t\t\t<p><br>\n<video id=\"0\" controls=\"\" width=\"640px\" height=\"480px\"><br>\n<source src=\"\/wp-content\/uploads\/2019\/05\/ULMNocesLavande.iphone.mp4\" type=\"video\/mp4\"><br>\n<source src=\"\/wp-content\/uploads\/2019\/05\/ULMNocesLavande.oggtheora.ogv\" type=\"video\/ogg\" codecs=\"theora, vorbis\"><br>\n<source src=\"\/wp-content\/uploads\/2019\/05\/ULMNocesLavande.webmhd.webm\" type=\"video\/webm\"><br>\n<\/video><br>\n<\/p><p><br><\/p><p>Une vid\u00e9o du vol du 24 mars 2019, par Marc L\u00e9v\u00eaque : N\u00eemes Garons, le Pont du Gard, les Baux de Provence, le Rh\u00f4ne, les Saintes-Maries de la mer, Le Grau du Roi&#8230;<br>\n<\/p>\t\t\t\t\t\t\t\t<\/div>\n\t\t\t\t<\/div>\n\t\t\t\t\t<\/div>\n\t\t<\/div>\n\t\t\t\t\t<\/div>\n\t\t<\/section>\n\t\t\t\t<\/div>\n\t\t","protected":false},"excerpt":{"rendered":"<p>Une vid\u00e9o du vol du 24 mars 2019, par Marc L\u00e9v\u00eaque : N\u00eemes Garons, le Pont du Gard, les Baux de Provence, le Rh\u00f4ne, les Saintes-Maries de la mer, Le Grau du Roi&#8230;<\/p>\n","protected":false},"author":1,"featured_media":2313,"comment_status":"closed","ping_status":"closed","sticky":false,"template":"","format":"video","meta":{"cybocfi_hide_featured_image":"yes","footnotes":""},"categories":[33],"tags":[],"class_list":["post-2317","post","type-post","status-publish","format-video","has-post-thumbnail","hentry","category-videos","post_format-post-format-video"],"_links":{"self":[{"href":"https:\/\/www.ailes-montpellieraines.fr\/index.php\/wp-json\/wp\/v2\/posts\/2317","targetHints":{"allow":["GET"]}}],"collection":[{"href":"https:\/\/www.ailes-montpellieraines.fr\/index.php\/wp-json\/wp\/v2\/posts"}],"about":[{"href":"https:\/\/www.ailes-montpellieraines.fr\/index.php\/wp-json\/wp\/v2\/types\/post"}],"author":[{"embeddable":true,"href":"https:\/\/www.ailes-montpellieraines.fr\/index.php\/wp-json\/wp\/v2\/users\/1"}],"replies":[{"embeddable":true,"href":"https:\/\/www.ailes-montpellieraines.fr\/index.php\/wp-json\/wp\/v2\/comments?post=2317"}],"version-history":[{"count":2,"href":"https:\/\/www.ailes-montpellieraines.fr\/index.php\/wp-json\/wp\/v2\/posts\/2317\/revisions"}],"predecessor-version":[{"id":3034,"href":"https:\/\/www.ailes-montpellieraines.fr\/index.php\/wp-json\/wp\/v2\/posts\/2317\/revisions\/3034"}],"wp:featuredmedia":[{"embeddable":true,"href":"https:\/\/www.ailes-montpellieraines.fr\/index.php\/wp-json\/wp\/v2\/media\/2313"}],"wp:attachment":[{"href":"https:\/\/www.ailes-montpellieraines.fr\/index.php\/wp-json\/wp\/v2\/media?parent=2317"}],"wp:term":[{"taxonomy":"category","embeddable":true,"href":"https:\/\/www.ailes-montpellieraines.fr\/index.php\/wp-json\/wp\/v2\/categories?post=2317"},{"taxonomy":"post_tag","embeddable":true,"href":"https:\/\/www.ailes-montpellieraines.fr\/index.php\/wp-json\/wp\/v2\/tags?post=2317"}],"curies":[{"name":"wp","href":"https:\/\/api.w.org\/{rel}","templated":true}]}}