{"id":2259,"date":"2019-03-10T10:58:06","date_gmt":"2019-03-10T09:58:06","guid":{"rendered":"http:\/\/www.ailes-montpellieraines.fr\/?p=2259"},"modified":"2019-03-10T10:58:06","modified_gmt":"2019-03-10T09:58:06","slug":"peyo-a-candillargues","status":"publish","type":"post","link":"https:\/\/www.ailes-montpellieraines.fr\/index.php\/2019\/03\/10\/peyo-a-candillargues\/","title":{"rendered":"Peyo \u00e0 Candillargues !"},"content":{"rendered":"\n<p>Pierre Pouch\u00e8s et Thomas, alias Peyo, \u00e9taient \u00e0 l&rsquo;A\u00e9roclub les vendredi 22 et samedi 23 f\u00e9vrier, sur l&rsquo;a\u00e9rodrome de Candillargues, pour deux journ\u00e9es m\u00e9caniques. Ces journ\u00e9es sont propos\u00e9es et financ\u00e9es par le CRULM Occitanie et organis\u00e9es dans l&rsquo;H\u00e9rault par le CDULM34. C&rsquo;est bien que ce soit les Ailes Montpelli\u00e9raines qui aient accueilli cet \u00e9v\u00e9nement. Merci Pr\u00e9sident ! Et merci \u00e0 tous.<\/p>\n\n\n<p><a href=\"https:\/\/www.ulm-occitanie.ffplum.fr\/post\/pierre-pouch%C3%A8s-et-thomas-gadaud-%C3%A0-candillargues\">Retour sur ces deux journ\u00e9es<\/a><\/p>\n","protected":false},"excerpt":{"rendered":"<p>Pierre Pouch\u00e8s et Thomas, alias Peyo, \u00e9taient \u00e0 l&rsquo;A\u00e9roclub les vendredi 22 et samedi 23 f\u00e9vrier, sur l&rsquo;a\u00e9rodrome de Candillargues, pour deux journ\u00e9es m\u00e9caniques. Ces journ\u00e9es sont propos\u00e9es et financ\u00e9es par le CRULM Occitanie et organis\u00e9es dans l&rsquo;H\u00e9rault par le<\/p>\n","protected":false},"author":1,"featured_media":2272,"comment_status":"closed","ping_status":"closed","sticky":false,"template":"","format":"standard","meta":{"cybocfi_hide_featured_image":"","footnotes":""},"categories":[52,30],"tags":[8,13,57,60,58,73],"class_list":["post-2259","post","type-post","status-publish","format-standard","has-post-thumbnail","hentry","category-actu-ulm","category-actualites","tag-aeroclub-les-ailes-montpellieraines","tag-candillargues","tag-cdulm34","tag-crulm-occitanie","tag-ffplum","tag-mecanique"],"_links":{"self":[{"href":"https:\/\/www.ailes-montpellieraines.fr\/index.php\/wp-json\/wp\/v2\/posts\/2259","targetHints":{"allow":["GET"]}}],"collection":[{"href":"https:\/\/www.ailes-montpellieraines.fr\/index.php\/wp-json\/wp\/v2\/posts"}],"about":[{"href":"https:\/\/www.ailes-montpellieraines.fr\/index.php\/wp-json\/wp\/v2\/types\/post"}],"author":[{"embeddable":true,"href":"https:\/\/www.ailes-montpellieraines.fr\/index.php\/wp-json\/wp\/v2\/users\/1"}],"replies":[{"embeddable":true,"href":"https:\/\/www.ailes-montpellieraines.fr\/index.php\/wp-json\/wp\/v2\/comments?post=2259"}],"version-history":[{"count":0,"href":"https:\/\/www.ailes-montpellieraines.fr\/index.php\/wp-json\/wp\/v2\/posts\/2259\/revisions"}],"wp:featuredmedia":[{"embeddable":true,"href":"https:\/\/www.ailes-montpellieraines.fr\/index.php\/wp-json\/wp\/v2\/media\/2272"}],"wp:attachment":[{"href":"https:\/\/www.ailes-montpellieraines.fr\/index.php\/wp-json\/wp\/v2\/media?parent=2259"}],"wp:term":[{"taxonomy":"category","embeddable":true,"href":"https:\/\/www.ailes-montpellieraines.fr\/index.php\/wp-json\/wp\/v2\/categories?post=2259"},{"taxonomy":"post_tag","embeddable":true,"href":"https:\/\/www.ailes-montpellieraines.fr\/index.php\/wp-json\/wp\/v2\/tags?post=2259"}],"curies":[{"name":"wp","href":"https:\/\/api.w.org\/{rel}","templated":true}]}}