{"id":2176,"date":"2019-01-13T17:08:47","date_gmt":"2019-01-13T16:08:47","guid":{"rendered":"http:\/\/www.ailes-montpellieraines.fr\/?p=2176"},"modified":"2019-01-13T17:08:47","modified_gmt":"2019-01-13T16:08:47","slug":"assemblee-generale-2","status":"publish","type":"post","link":"https:\/\/www.ailes-montpellieraines.fr\/index.php\/2019\/01\/13\/assemblee-generale-2\/","title":{"rendered":"Assembl\u00e9e G\u00e9n\u00e9rale"},"content":{"rendered":"\n<p>L&rsquo;AGO de l&rsquo;A\u00e9roclub aura lieu le 26 janvier 2019.<\/p>\n\n\n<figure class=\"wp-block-image\"><img fetchpriority=\"high\" decoding=\"async\" width=\"380\" height=\"310\" src=\"http:\/\/newsite.ailes-montpellieraines.fr\/wp-content\/uploads\/2015\/02\/LogoAMReflets-1.png\" alt=\"Ailes Montpelli\u00e9raines,Les Ailes Montpelli\u00e9raines,a\u00e9roclub Les Ailes Montpelli\u00e9raines,travaux a\u00e9riens,a\u00e9rodrome Montpellier-Candillargues,information ULM,ULM,a\u00e9roclub,brevet pilote,piloter,voler,formation,formation pilote,\u00e9cole de pilotage,Candillargues,Montpellier,H\u00e9rault,bapt\u00eame de l'air,littoral,photo a\u00e9rienne,ULM multiaxe,formation train tricycle classique,Pays de l'Or,Tetras,Skyranger,cours de pilotage,le\u00e7on de pilotage,formation pilote ULM 3 axes,formation pilote ULM multiaxes,formation th\u00e9orique ULM,formation pratique ULM,emport passager,vol d'initiation,vol d\u00e9couverte,obtention brevet pilote,ULM multiaxe classe III,Classe III,Classe 3\" class=\"wp-image-457\" srcset=\"https:\/\/www.ailes-montpellieraines.fr\/wp-content\/uploads\/2015\/02\/LogoAMReflets-1.png 380w, https:\/\/www.ailes-montpellieraines.fr\/wp-content\/uploads\/2015\/02\/LogoAMReflets-1-300x245.png 300w\" sizes=\"(max-width: 380px) 100vw, 380px\" \/><\/figure>\n","protected":false},"excerpt":{"rendered":"<p>L&rsquo;AGO de l&rsquo;A\u00e9roclub aura lieu le 26 janvier 2019.<\/p>\n","protected":false},"author":1,"featured_media":453,"comment_status":"closed","ping_status":"closed","sticky":false,"template":"","format":"standard","meta":{"cybocfi_hide_featured_image":"","footnotes":""},"categories":[52,30],"tags":[8,9,68,26],"class_list":["post-2176","post","type-post","status-publish","format-standard","has-post-thumbnail","hentry","category-actu-ulm","category-actualites","tag-aeroclub-les-ailes-montpellieraines","tag-aerodrome-montpellier-candillargues","tag-assemblee-generale","tag-ulm"],"_links":{"self":[{"href":"https:\/\/www.ailes-montpellieraines.fr\/index.php\/wp-json\/wp\/v2\/posts\/2176","targetHints":{"allow":["GET"]}}],"collection":[{"href":"https:\/\/www.ailes-montpellieraines.fr\/index.php\/wp-json\/wp\/v2\/posts"}],"about":[{"href":"https:\/\/www.ailes-montpellieraines.fr\/index.php\/wp-json\/wp\/v2\/types\/post"}],"author":[{"embeddable":true,"href":"https:\/\/www.ailes-montpellieraines.fr\/index.php\/wp-json\/wp\/v2\/users\/1"}],"replies":[{"embeddable":true,"href":"https:\/\/www.ailes-montpellieraines.fr\/index.php\/wp-json\/wp\/v2\/comments?post=2176"}],"version-history":[{"count":0,"href":"https:\/\/www.ailes-montpellieraines.fr\/index.php\/wp-json\/wp\/v2\/posts\/2176\/revisions"}],"wp:featuredmedia":[{"embeddable":true,"href":"https:\/\/www.ailes-montpellieraines.fr\/index.php\/wp-json\/wp\/v2\/media\/453"}],"wp:attachment":[{"href":"https:\/\/www.ailes-montpellieraines.fr\/index.php\/wp-json\/wp\/v2\/media?parent=2176"}],"wp:term":[{"taxonomy":"category","embeddable":true,"href":"https:\/\/www.ailes-montpellieraines.fr\/index.php\/wp-json\/wp\/v2\/categories?post=2176"},{"taxonomy":"post_tag","embeddable":true,"href":"https:\/\/www.ailes-montpellieraines.fr\/index.php\/wp-json\/wp\/v2\/tags?post=2176"}],"curies":[{"name":"wp","href":"https:\/\/api.w.org\/{rel}","templated":true}]}}