{"id":2168,"date":"2019-01-09T21:18:36","date_gmt":"2019-01-09T20:18:36","guid":{"rendered":"http:\/\/www.ailes-montpellieraines.fr\/?p=2168"},"modified":"2019-01-09T21:18:36","modified_gmt":"2019-01-09T20:18:36","slug":"bsv-n56","status":"publish","type":"post","link":"https:\/\/www.ailes-montpellieraines.fr\/index.php\/2019\/01\/09\/bsv-n56\/","title":{"rendered":"BSV N\u00b056"},"content":{"rendered":"\n<h1 class=\"wp-block-heading\">Edito &#8211; BSV n\u00b056<\/h1>\n\n\n<h5 class=\"wp-block-heading\">Sant\u00e9 !!!!<\/h5>\n\n\n<p>Les r\u00e9veillons sont pass\u00e9s avec leur lot de festins et de ripailles en tout genre. Il est temps maintenant de prendre les bonnes r\u00e9solutions en termes d\u2019hygi\u00e8ne de vie afin d\u2019aborder le prochain vol dans la meilleure forme possible.<\/p>\n\n\n<p>En effet, comme nous l\u2019avons souvent expliqu\u00e9, voler en toute s\u00e9curit\u00e9, c\u2019est avoir conscience des limites de son ULM mais aussi de ses limites physiques et physiologiques du jour. C\u2019est une lapalissade que de dire que l\u2019on n\u2019a pas la m\u00eame performance en vol lorsqu\u2019on suit certains traitements m\u00e9dicamenteux, que l\u2019on aborde le vol fatigu\u00e9 ou que l\u2019on vole l\u2019apr\u00e8s-midi en pleine digestion d\u2019un repas copieux&#8230; mais il est important de le rappeler car en ULM, nous sommes toujours juge et partie de nos d\u00e9cisions et il est donc particuli\u00e8rement difficile de faire une bonne auto-\u00e9valuation de sa performance et de ses ressources.<\/p>\n\n\n<p>C\u2019est pourquoi, nous vous proposons dans cet \u00e9dito un guide simple afin de r\u00e9pondre \u00e0 une question simple et que l\u2019on devrait se poser \u00e0 chaque fois que l\u2019on veut partir en vol :<\/p>\n\n\n<p><strong>Suis-je apte \u00e0 piloter aujourd\u2019hui ???<\/strong><\/p>\n\n\n<p>Pour cela, \u00e0 la mani\u00e8re de nos check-lists a\u00e9ronefs, voici une check-list m\u00e9dicale du pilote sous la forme d\u2019un guide mn\u00e9motechnique&nbsp;<strong>M.A.F.O.R.M.E.<\/strong>(source&nbsp;<strong><a href=\"http:\/\/www.medsyn.fr\/perso\/g.perrin\/aero\/pratique\/safe-checklist.htm)\">www.medsyn.fr\/perso\/g.perrin\/aero\/pratique\/safe-checklist.htm)<\/a><\/strong>.<br \/><\/p>\n\n\n<p>Lire le <\/p>\n\n\n<p>Lire le <a href=\"http:\/\/cdulm34.fr\/index.php\/2019\/01\/09\/bulletin-securite-des-vols-n56-janvier-2019\/\" target=\"_blank\" rel=\"noreferrer noopener\" aria-label=\"BSV N\u00b056 (opens in a new tab)\">BSV N\u00b056<\/a> dans son int\u00e9gralit\u00e9<\/p>\n","protected":false},"excerpt":{"rendered":"<p>Edito &#8211; BSV n\u00b056 Sant\u00e9 !!!! Les r\u00e9veillons sont pass\u00e9s avec leur lot de festins et de ripailles en tout genre. Il est temps maintenant de prendre les bonnes r\u00e9solutions en termes d\u2019hygi\u00e8ne de vie afin d\u2019aborder le prochain vol<\/p>\n","protected":false},"author":1,"featured_media":1467,"comment_status":"closed","ping_status":"closed","sticky":false,"template":"","format":"standard","meta":{"cybocfi_hide_featured_image":"","footnotes":""},"categories":[52],"tags":[57,58,66,64,56,67],"class_list":["post-2168","post","type-post","status-publish","format-standard","has-post-thumbnail","hentry","category-actu-ulm","tag-cdulm34","tag-ffplum","tag-pilote","tag-rev","tag-securite","tag-vol-ulm"],"_links":{"self":[{"href":"https:\/\/www.ailes-montpellieraines.fr\/index.php\/wp-json\/wp\/v2\/posts\/2168","targetHints":{"allow":["GET"]}}],"collection":[{"href":"https:\/\/www.ailes-montpellieraines.fr\/index.php\/wp-json\/wp\/v2\/posts"}],"about":[{"href":"https:\/\/www.ailes-montpellieraines.fr\/index.php\/wp-json\/wp\/v2\/types\/post"}],"author":[{"embeddable":true,"href":"https:\/\/www.ailes-montpellieraines.fr\/index.php\/wp-json\/wp\/v2\/users\/1"}],"replies":[{"embeddable":true,"href":"https:\/\/www.ailes-montpellieraines.fr\/index.php\/wp-json\/wp\/v2\/comments?post=2168"}],"version-history":[{"count":0,"href":"https:\/\/www.ailes-montpellieraines.fr\/index.php\/wp-json\/wp\/v2\/posts\/2168\/revisions"}],"wp:featuredmedia":[{"embeddable":true,"href":"https:\/\/www.ailes-montpellieraines.fr\/index.php\/wp-json\/wp\/v2\/media\/1467"}],"wp:attachment":[{"href":"https:\/\/www.ailes-montpellieraines.fr\/index.php\/wp-json\/wp\/v2\/media?parent=2168"}],"wp:term":[{"taxonomy":"category","embeddable":true,"href":"https:\/\/www.ailes-montpellieraines.fr\/index.php\/wp-json\/wp\/v2\/categories?post=2168"},{"taxonomy":"post_tag","embeddable":true,"href":"https:\/\/www.ailes-montpellieraines.fr\/index.php\/wp-json\/wp\/v2\/tags?post=2168"}],"curies":[{"name":"wp","href":"https:\/\/api.w.org\/{rel}","templated":true}]}}