{"id":2125,"date":"2018-10-25T16:21:46","date_gmt":"2018-10-25T14:21:46","guid":{"rendered":"http:\/\/www.ailes-montpellieraines.fr\/?p=2125"},"modified":"2018-10-25T16:21:46","modified_gmt":"2018-10-25T14:21:46","slug":"mikael-recompense-par-le-bia","status":"publish","type":"post","link":"https:\/\/www.ailes-montpellieraines.fr\/index.php\/2018\/10\/25\/mikael-recompense-par-le-bia\/","title":{"rendered":"Mikael, r\u00e9compens\u00e9 par le BIA"},"content":{"rendered":"<p>&nbsp;<\/p>\n<p style=\"text-align: center;\"><a href=\"http:\/\/newsite.ailes-montpellieraines.fr\/wp-content\/uploads\/2018\/10\/LogoBIA-1.jpeg\"><img fetchpriority=\"high\" decoding=\"async\" class=\"alignnone size-full wp-image-2106\" src=\"http:\/\/newsite.ailes-montpellieraines.fr\/wp-content\/uploads\/2018\/10\/LogoBIA-1.jpeg\" alt=\"\" width=\"226\" height=\"223\" \/><\/a><\/p>\n<p>Le 17 octobre 2018, a eu lieu la remise des dipl\u00f4mes pour le BIA (Brevet d&rsquo;Initiation \u00e0 l&rsquo;A\u00e9ronautique), au\u00a0Service de sauvetage et de lutte contre l&rsquo;incendie des a\u00e9ronefs\u00a0\u00e0 l&rsquo;A\u00e9roport de Montpellier M\u00e9diterran\u00e9e.<br \/>\nMadame la Rectrice, \u00e9tait repr\u00e9sent\u00e9e par Monsieur CHEYMOL, Conseiller Acad\u00e9mique pour les Sciences et la Technologie -D\u00e9l\u00e9gu\u00e9 \u00e0 la Formation\u00a0 A\u00e9ronautique.<a href=\"http:\/\/www.ailes-montpellieraines.fr\/wp-content\/uploads\/2018\/10\/IMG_8274.jpg\"><img decoding=\"async\" class=\" wp-image-2126 aligncenter\" src=\"http:\/\/www.ailes-montpellieraines.fr\/wp-content\/uploads\/2018\/10\/IMG_8274-225x300.jpg\" alt=\"\" width=\"171\" height=\"228\" \/><\/a><br \/>\nLa C\u00e9r\u00e9monie a eu lieu en pr\u00e9sence de la Marraine de la promotion 2018, Madame No\u00e9lie Vincent, Ing\u00e9nieure du contr\u00f4le de la navigation a\u00e9rienne et du parrain de la promotion 2019, St\u00e9phane Rabille, pompier d&rsquo;a\u00e9roport.<br \/>\nLe Brevet a \u00e9t\u00e9 remis \u00e0 249 coll\u00e9giens, lyc\u00e9ens et \u00e9tudiants, dont Mikael Ferron, que nous connaissons bien !<br \/>\n<a href=\"http:\/\/newsite.ailes-montpellieraines.fr\/wp-content\/uploads\/2018\/10\/DSC01391-1.jpg\"><img decoding=\"async\" class=\"alignnone size-medium wp-image-2127\" src=\"http:\/\/newsite.ailes-montpellieraines.fr\/wp-content\/uploads\/2018\/10\/DSC01391-1-194x300.jpg\" alt=\"\" width=\"194\" height=\"300\" srcset=\"https:\/\/www.ailes-montpellieraines.fr\/wp-content\/uploads\/2018\/10\/DSC01391-1-194x300.jpg 194w, https:\/\/www.ailes-montpellieraines.fr\/wp-content\/uploads\/2018\/10\/DSC01391-1-661x1024.jpg 661w, https:\/\/www.ailes-montpellieraines.fr\/wp-content\/uploads\/2018\/10\/DSC01391-1-768x1190.jpg 768w, https:\/\/www.ailes-montpellieraines.fr\/wp-content\/uploads\/2018\/10\/DSC01391-1-991x1536.jpg 991w, https:\/\/www.ailes-montpellieraines.fr\/wp-content\/uploads\/2018\/10\/DSC01391-1.jpg 1024w\" sizes=\"(max-width: 194px) 100vw, 194px\" \/><\/a><a href=\"http:\/\/newsite.ailes-montpellieraines.fr\/wp-content\/uploads\/2018\/10\/fileb-1.jpg\"><img loading=\"lazy\" decoding=\"async\" class=\"alignnone size-medium wp-image-2128\" src=\"http:\/\/newsite.ailes-montpellieraines.fr\/wp-content\/uploads\/2018\/10\/fileb-1-300x144.jpg\" alt=\"\" width=\"300\" height=\"144\" srcset=\"https:\/\/www.ailes-montpellieraines.fr\/wp-content\/uploads\/2018\/10\/fileb-1-300x144.jpg 300w, https:\/\/www.ailes-montpellieraines.fr\/wp-content\/uploads\/2018\/10\/fileb-1-1024x490.jpg 1024w, https:\/\/www.ailes-montpellieraines.fr\/wp-content\/uploads\/2018\/10\/fileb-1-768x368.jpg 768w, https:\/\/www.ailes-montpellieraines.fr\/wp-content\/uploads\/2018\/10\/fileb-1-1536x735.jpg 1536w, https:\/\/www.ailes-montpellieraines.fr\/wp-content\/uploads\/2018\/10\/fileb-1.jpg 1920w\" sizes=\"(max-width: 300px) 100vw, 300px\" \/><\/a><a href=\"http:\/\/newsite.ailes-montpellieraines.fr\/wp-content\/uploads\/2018\/10\/file2b-1.jpg\"><img loading=\"lazy\" decoding=\"async\" class=\"alignnone size-medium wp-image-2129\" src=\"http:\/\/newsite.ailes-montpellieraines.fr\/wp-content\/uploads\/2018\/10\/file2b-1-236x300.jpg\" alt=\"\" width=\"236\" height=\"300\" srcset=\"https:\/\/www.ailes-montpellieraines.fr\/wp-content\/uploads\/2018\/10\/file2b-1-236x300.jpg 236w, https:\/\/www.ailes-montpellieraines.fr\/wp-content\/uploads\/2018\/10\/file2b-1-805x1024.jpg 805w, https:\/\/www.ailes-montpellieraines.fr\/wp-content\/uploads\/2018\/10\/file2b-1-768x977.jpg 768w, https:\/\/www.ailes-montpellieraines.fr\/wp-content\/uploads\/2018\/10\/file2b-1.jpg 1024w\" sizes=\"(max-width: 236px) 100vw, 236px\" \/><\/a><br \/>\n&nbsp;<br \/>\nF\u00e9licitations \u00e0 Mikael et bons vols !<\/p>\n","protected":false},"excerpt":{"rendered":"<p>&nbsp; Le 17 octobre 2018, a eu lieu la remise des dipl\u00f4mes pour le BIA (Brevet d&rsquo;Initiation \u00e0 l&rsquo;A\u00e9ronautique), au\u00a0Service de sauvetage et de lutte contre l&rsquo;incendie des a\u00e9ronefs\u00a0\u00e0 l&rsquo;A\u00e9roport de Montpellier M\u00e9diterran\u00e9e. Madame la Rectrice, \u00e9tait repr\u00e9sent\u00e9e par Monsieur<\/p>\n","protected":false},"author":1,"featured_media":2129,"comment_status":"closed","ping_status":"closed","sticky":false,"template":"","format":"standard","meta":{"cybocfi_hide_featured_image":"","footnotes":""},"categories":[52,30,31,43],"tags":[51,8,9,10,65,12,57,58,17],"class_list":["post-2125","post","type-post","status-publish","format-standard","has-post-thumbnail","hentry","category-actu-ulm","category-actualites","category-populaire","category-temoignages","tag-actualites-ulm","tag-aeroclub-les-ailes-montpellieraines","tag-aerodrome-montpellier-candillargues","tag-ailes-montpellieraines","tag-bia","tag-brevet-pilote","tag-cdulm34","tag-ffplum","tag-formation-pilote"],"_links":{"self":[{"href":"https:\/\/www.ailes-montpellieraines.fr\/index.php\/wp-json\/wp\/v2\/posts\/2125","targetHints":{"allow":["GET"]}}],"collection":[{"href":"https:\/\/www.ailes-montpellieraines.fr\/index.php\/wp-json\/wp\/v2\/posts"}],"about":[{"href":"https:\/\/www.ailes-montpellieraines.fr\/index.php\/wp-json\/wp\/v2\/types\/post"}],"author":[{"embeddable":true,"href":"https:\/\/www.ailes-montpellieraines.fr\/index.php\/wp-json\/wp\/v2\/users\/1"}],"replies":[{"embeddable":true,"href":"https:\/\/www.ailes-montpellieraines.fr\/index.php\/wp-json\/wp\/v2\/comments?post=2125"}],"version-history":[{"count":0,"href":"https:\/\/www.ailes-montpellieraines.fr\/index.php\/wp-json\/wp\/v2\/posts\/2125\/revisions"}],"wp:featuredmedia":[{"embeddable":true,"href":"https:\/\/www.ailes-montpellieraines.fr\/index.php\/wp-json\/wp\/v2\/media\/2129"}],"wp:attachment":[{"href":"https:\/\/www.ailes-montpellieraines.fr\/index.php\/wp-json\/wp\/v2\/media?parent=2125"}],"wp:term":[{"taxonomy":"category","embeddable":true,"href":"https:\/\/www.ailes-montpellieraines.fr\/index.php\/wp-json\/wp\/v2\/categories?post=2125"},{"taxonomy":"post_tag","embeddable":true,"href":"https:\/\/www.ailes-montpellieraines.fr\/index.php\/wp-json\/wp\/v2\/tags?post=2125"}],"curies":[{"name":"wp","href":"https:\/\/api.w.org\/{rel}","templated":true}]}}