{"id":2077,"date":"2018-08-13T11:10:21","date_gmt":"2018-08-13T09:10:21","guid":{"rendered":"http:\/\/www.ailes-montpellieraines.fr\/?p=2077"},"modified":"2018-08-13T11:10:21","modified_gmt":"2018-08-13T09:10:21","slug":"envolee-cathare-2018","status":"publish","type":"post","link":"https:\/\/www.ailes-montpellieraines.fr\/index.php\/2018\/08\/13\/envolee-cathare-2018\/","title":{"rendered":"Envol\u00e9e Cathare 2018"},"content":{"rendered":"<p><a href=\"http:\/\/cdulm34.fr\/index.php\/2018\/08\/13\/envolee-cathare-2018\/\" target=\"_blank\" rel=\"noopener noreferrer\"><img fetchpriority=\"high\" decoding=\"async\" class=\"aligncenter size-medium wp-image-2078\" src=\"http:\/\/newsite.ailes-montpellieraines.fr\/wp-content\/uploads\/2018\/08\/envole\u0301eCathare2018-1-300x167.jpg\" alt=\"\" width=\"300\" height=\"167\" srcset=\"https:\/\/www.ailes-montpellieraines.fr\/wp-content\/uploads\/2018\/08\/envole\u0301eCathare2018-1-300x167.jpg 300w, https:\/\/www.ailes-montpellieraines.fr\/wp-content\/uploads\/2018\/08\/envole\u0301eCathare2018-1-1024x569.jpg 1024w, https:\/\/www.ailes-montpellieraines.fr\/wp-content\/uploads\/2018\/08\/envole\u0301eCathare2018-1-768x426.jpg 768w, https:\/\/www.ailes-montpellieraines.fr\/wp-content\/uploads\/2018\/08\/envole\u0301eCathare2018-1-750x420.jpg 750w, https:\/\/www.ailes-montpellieraines.fr\/wp-content\/uploads\/2018\/08\/envole\u0301eCathare2018-1.jpg 1320w\" sizes=\"(max-width: 300px) 100vw, 300px\" \/><\/a><\/p>\n<h2><strong>Les derni\u00e8res infos de l&rsquo;organisation :<\/strong><\/h2>\n<blockquote>\n<h3><strong>Vous pouvez venir en vol juste pour la ballade et le rassemblement.<\/strong><\/h3>\n<h4>Pour ceux qui souhaitent participer au safari photos sur les ch\u00e2teaux cathares, il est conseill\u00e9 d&rsquo;arriver tr\u00e8s t\u00f4t et de vous inscrire en ligne d\u00e8s que vous \u00eates d\u00e9cid\u00e9. (vous \u00eates toujours libre de changer d&rsquo;avis !).<\/h4>\n<h4>N&rsquo;oubliez pas :\u00a0Votre repas sera tir\u00e9 du sac (ainsi aucune obligation de venir si la m\u00e9t\u00e9o n&rsquo;\u00e9tait pas bonne !)<\/h4>\n<h4><strong>En cas de mauvaise m\u00e9t\u00e9o, l&rsquo;envol\u00e9e cathare sera report\u00e9e au samedi suivant (15\/09\/2018) dans les m\u00eames conditions<\/strong><\/h4>\n<p><a href=\"http:\/\/cdulm34.fr\/index.php\/2018\/08\/13\/envolee-cathare-2018\/\" target=\"_blank\" rel=\"noopener noreferrer\">Toutes les infos ICI<\/a><\/p><\/blockquote>\n","protected":false},"excerpt":{"rendered":"<p>Les derni\u00e8res infos de l&rsquo;organisation : Vous pouvez venir en vol juste pour la ballade et le rassemblement. Pour ceux qui souhaitent participer au safari photos sur les ch\u00e2teaux cathares, il est conseill\u00e9 d&rsquo;arriver tr\u00e8s t\u00f4t et de vous inscrire<\/p>\n","protected":false},"author":1,"featured_media":2079,"comment_status":"closed","ping_status":"closed","sticky":false,"template":"","format":"standard","meta":{"cybocfi_hide_featured_image":"","footnotes":""},"categories":[52],"tags":[51,57,58,62,26],"class_list":["post-2077","post","type-post","status-publish","format-standard","has-post-thumbnail","hentry","category-actu-ulm","tag-actualites-ulm","tag-cdulm34","tag-ffplum","tag-rassemblement","tag-ulm"],"_links":{"self":[{"href":"https:\/\/www.ailes-montpellieraines.fr\/index.php\/wp-json\/wp\/v2\/posts\/2077","targetHints":{"allow":["GET"]}}],"collection":[{"href":"https:\/\/www.ailes-montpellieraines.fr\/index.php\/wp-json\/wp\/v2\/posts"}],"about":[{"href":"https:\/\/www.ailes-montpellieraines.fr\/index.php\/wp-json\/wp\/v2\/types\/post"}],"author":[{"embeddable":true,"href":"https:\/\/www.ailes-montpellieraines.fr\/index.php\/wp-json\/wp\/v2\/users\/1"}],"replies":[{"embeddable":true,"href":"https:\/\/www.ailes-montpellieraines.fr\/index.php\/wp-json\/wp\/v2\/comments?post=2077"}],"version-history":[{"count":0,"href":"https:\/\/www.ailes-montpellieraines.fr\/index.php\/wp-json\/wp\/v2\/posts\/2077\/revisions"}],"wp:featuredmedia":[{"embeddable":true,"href":"https:\/\/www.ailes-montpellieraines.fr\/index.php\/wp-json\/wp\/v2\/media\/2079"}],"wp:attachment":[{"href":"https:\/\/www.ailes-montpellieraines.fr\/index.php\/wp-json\/wp\/v2\/media?parent=2077"}],"wp:term":[{"taxonomy":"category","embeddable":true,"href":"https:\/\/www.ailes-montpellieraines.fr\/index.php\/wp-json\/wp\/v2\/categories?post=2077"},{"taxonomy":"post_tag","embeddable":true,"href":"https:\/\/www.ailes-montpellieraines.fr\/index.php\/wp-json\/wp\/v2\/tags?post=2077"}],"curies":[{"name":"wp","href":"https:\/\/api.w.org\/{rel}","templated":true}]}}