{"id":2071,"date":"2016-06-11T17:20:47","date_gmt":"2016-06-11T15:20:47","guid":{"rendered":"http:\/\/localhost:8888\/wordpress-AilesMontpellieraines\/?p=185"},"modified":"2016-06-11T17:20:47","modified_gmt":"2016-06-11T15:20:47","slug":"temoignage-2","status":"publish","type":"post","link":"https:\/\/www.ailes-montpellieraines.fr\/index.php\/2016\/06\/11\/temoignage-2\/","title":{"rendered":"Le Pou du Ciel"},"content":{"rendered":"<div><strong>le \u00a0Sport de l&rsquo;air \u00a0au club\u00a0<\/strong><\/div>\n<div><\/div>\n<div>Pourquoi et comment j&rsquo;ai construit le pou du ciel par notre ami Jean Paul<\/div>\n<div>\nUn joli \u00a0travail<\/p>\n<div><\/div>\n<p><em>\u00a0\u00bb Voici les caract\u00e9ristiques de mon appareil:<\/em><br \/>\n<em>Masse \u00e0 vide: 140 Kg<\/em><br \/>\n<em>masse en charge (pilote +carburant) 220Kg<\/em><br \/>\n<em>Vitesse de croisi\u00e8re: 95Km\/h<\/em><br \/>\n<em>VNE 180Km\/h<\/em><br \/>\n<em>Vitesse de d\u00e9crochage: 30Km\/h<\/em><br \/>\n<em>Distance de d\u00e9collage: 50m<\/em><br \/>\n<em>Distance d&rsquo; atterrissage:50m<\/em><br \/>\n<em>Moteur ROTAX 447 40CV<\/em><br \/>\n<em>Envergure aile avant: 6,10m<\/em><br \/>\n<em>envergure aile arri\u00e8re: 4,80m<\/em><br \/>\n<em>Longueur: 3,80m<\/em><br \/>\n<em>C&rsquo;est un bi-plan, ailes en tandem qui se replient pour \u00eatre au gabarit routier et ainsi \u00eatre transport\u00e9 sur une remorque. Je le stocke chez moi accroch\u00e9 dans mon garage au dessus de ma voiture.<\/em><br \/>\n<em>Le Pou du ciel tient son nom du fait qu&rsquo;il ne d\u00e9croche pas. C&rsquo;est un deux axes, tout au manche. Le volet de d\u00e9rive est actionn\u00e9 par le manche lat\u00e9ralement, deux c\u00e2bles courent de chaque cot\u00e9 du fuselage pour rejoindre les guignols de direction. La profondeur est elle aussi au manche, d&rsquo;avant en arri\u00e8re, et actionne l&rsquo;aile sup\u00e9rieure qui est articul\u00e9e. Pas de palonniers, difficile de faire plus simple. C&rsquo;est un appareil qui n&rsquo;aime pas le vent de travers du fait qu&rsquo;il n&rsquo;a pas d&rsquo;ailerons. Il est fait destin\u00e9 \u00e0 faire des sauts de puce par temps tr\u00e8s calme, du moins au d\u00e9but de l\u2019apprentissage.<\/em><br \/>\n<em>Le Pou a ses d\u00e9tracteurs mais aussi ses inconditionnels, je suis de ceux l\u00e0.<\/em><br \/>\n<em>Henri Mignet, le c\u00e9l\u00e8bre constructeur des \u00ab\u00a0Pou du Ciel\u00a0\u00bb en a construit des centaines dans diff\u00e9rentes configurations, ces premiers avions dates de 1920 et il n&rsquo;a pas arr\u00eat\u00e9 de construire jusqu&rsquo;\u00e0 sa mort en 1956.Il est aussi \u00e0 l&rsquo;origine du RSA.<\/em><br \/>\n<em>Mon appareil, le HM 293 date de 1935, il a \u00e9t\u00e9 revu en 1946 puis r\u00e9actualis\u00e9 en 1980.<\/em><br \/>\n<em>J&rsquo;ai respect\u00e9 scrupuleusement les plans et conseils du \u00ab\u00a0Saint Patron\u00a0\u00bb, c&rsquo;est le nom donn\u00e9 \u00e0 HM par les pouducielistes. <\/em><br \/>\n<em>Reste \u00e0 effectuer le premier vol&#8230;&#8230;bient\u00f4t j&rsquo;esp\u00e8re.\u00a0\u00bb<\/em>\n<\/div>\n<div><\/div>\n<div><a href=\"http:\/\/newsite.ailes-montpellieraines.fr\/wp-content\/uploads\/2015\/02\/SAM_4100-1.jpg\"><img fetchpriority=\"high\" decoding=\"async\" class=\"alignnone size-medium wp-image-1290\" src=\"http:\/\/newsite.ailes-montpellieraines.fr\/wp-content\/uploads\/2015\/02\/SAM_4100-1-300x225.jpg\" alt=\"SAM_4100\" width=\"300\" height=\"225\" srcset=\"https:\/\/www.ailes-montpellieraines.fr\/wp-content\/uploads\/2015\/02\/SAM_4100-1-300x225.jpg 300w, https:\/\/www.ailes-montpellieraines.fr\/wp-content\/uploads\/2015\/02\/SAM_4100-1.jpg 600w\" sizes=\"(max-width: 300px) 100vw, 300px\" \/><\/a> <a href=\"http:\/\/newsite.ailes-montpellieraines.fr\/wp-content\/uploads\/2015\/02\/SAM_4103-1.jpg\"><img decoding=\"async\" class=\"alignnone size-medium wp-image-1291\" src=\"http:\/\/newsite.ailes-montpellieraines.fr\/wp-content\/uploads\/2015\/02\/SAM_4103-1-300x225.jpg\" alt=\"SAM_4103\" width=\"300\" height=\"225\" srcset=\"https:\/\/www.ailes-montpellieraines.fr\/wp-content\/uploads\/2015\/02\/SAM_4103-1-300x225.jpg 300w, https:\/\/www.ailes-montpellieraines.fr\/wp-content\/uploads\/2015\/02\/SAM_4103-1.jpg 600w\" sizes=\"(max-width: 300px) 100vw, 300px\" \/><\/a><\/div>\n","protected":false},"excerpt":{"rendered":"<p>le \u00a0Sport de l&rsquo;air \u00a0au club\u00a0 Pourquoi et comment j&rsquo;ai construit le pou du ciel par notre ami Jean Paul Un joli \u00a0travail \u00a0\u00bb Voici les caract\u00e9ristiques de mon appareil: Masse \u00e0 vide: 140 Kg masse en charge (pilote +carburant)<\/p>\n","protected":false},"author":1,"featured_media":1289,"comment_status":"closed","ping_status":"closed","sticky":false,"template":"","format":"standard","meta":{"cybocfi_hide_featured_image":"","footnotes":""},"categories":[43],"tags":[7,8,9,10,11,12,13,14,15,16,17,18,19,20,21,22,23,24,25,26,27,28],"class_list":["post-2071","post","type-post","status-publish","format-standard","has-post-thumbnail","hentry","category-temoignages","tag-aeroclub","tag-aeroclub-les-ailes-montpellieraines","tag-aerodrome-montpellier-candillargues","tag-ailes-montpellieraines","tag-bapteme-de-lair","tag-brevet-pilote","tag-candillargues","tag-ecole-de-pilotage","tag-ecole-de-voltige","tag-formation","tag-formation-pilote","tag-herault","tag-information-ulm","tag-les-ailes-montpellieraines","tag-littoral","tag-montpellier","tag-photo-aerienne","tag-piloter","tag-travaux-aeriens","tag-ulm","tag-voler","tag-voltige"],"_links":{"self":[{"href":"https:\/\/www.ailes-montpellieraines.fr\/index.php\/wp-json\/wp\/v2\/posts\/2071","targetHints":{"allow":["GET"]}}],"collection":[{"href":"https:\/\/www.ailes-montpellieraines.fr\/index.php\/wp-json\/wp\/v2\/posts"}],"about":[{"href":"https:\/\/www.ailes-montpellieraines.fr\/index.php\/wp-json\/wp\/v2\/types\/post"}],"author":[{"embeddable":true,"href":"https:\/\/www.ailes-montpellieraines.fr\/index.php\/wp-json\/wp\/v2\/users\/1"}],"replies":[{"embeddable":true,"href":"https:\/\/www.ailes-montpellieraines.fr\/index.php\/wp-json\/wp\/v2\/comments?post=2071"}],"version-history":[{"count":0,"href":"https:\/\/www.ailes-montpellieraines.fr\/index.php\/wp-json\/wp\/v2\/posts\/2071\/revisions"}],"wp:featuredmedia":[{"embeddable":true,"href":"https:\/\/www.ailes-montpellieraines.fr\/index.php\/wp-json\/wp\/v2\/media\/1289"}],"wp:attachment":[{"href":"https:\/\/www.ailes-montpellieraines.fr\/index.php\/wp-json\/wp\/v2\/media?parent=2071"}],"wp:term":[{"taxonomy":"category","embeddable":true,"href":"https:\/\/www.ailes-montpellieraines.fr\/index.php\/wp-json\/wp\/v2\/categories?post=2071"},{"taxonomy":"post_tag","embeddable":true,"href":"https:\/\/www.ailes-montpellieraines.fr\/index.php\/wp-json\/wp\/v2\/tags?post=2071"}],"curies":[{"name":"wp","href":"https:\/\/api.w.org\/{rel}","templated":true}]}}