{"id":2067,"date":"2015-02-19T15:02:41","date_gmt":"2015-02-19T14:02:41","guid":{"rendered":"http:\/\/localhost:8888\/wordpress-AilesMontpellieraines\/?p=261"},"modified":"2015-02-19T15:02:41","modified_gmt":"2015-02-19T14:02:41","slug":"le-tetras-2","status":"publish","type":"post","link":"https:\/\/www.ailes-montpellieraines.fr\/index.php\/2015\/02\/19\/le-tetras-2\/","title":{"rendered":"Archive : Le Tetras"},"content":{"rendered":"<p>&nbsp;<br \/>\n<strong>Le T\u00e9tras a fait partie de notre flotte jusqu&rsquo;en 2015.<\/strong><\/p>\n<p style=\"text-align: left;\"><strong>Le T\u00e9tras<\/strong> est un ULM biplace c\u00f4te-\u00e0-c\u00f4te fran\u00e7ais, monomoteur \u00e0 ailes hautes hauban\u00e9es et pourvu d&rsquo;un train classique fixe. Il a \u00e9t\u00e9 con\u00e7u en 1991 par la firme Humbert Aviation, fond\u00e9e en 1984 \u00e0 Ramonchamp dans les Vosges. Le fuselage est construit en tubes d&rsquo;acier, les ailes en aluminium. Le tout est recouvert de Dacron 1500. Ses lignes g\u00e9n\u00e9rales rappellent le Piper Cub.<\/p>\n<p>Il effectua son vol inaugural vers 1992, date \u00e0 laquelle il fut d\u00e9voil\u00e9 au public au Rallye RSA de Moulins.<br \/>\nIl est entr\u00e9 en production et commercialis\u00e9 \u00e0 partir de 1993. Disponible d&rsquo;abord dans la version A (moteur Humbert-Volkswagen HW 2000 de 72 hp), il est d\u00e9sormais d\u00e9clin\u00e9 en version B avec un moteur Rotax 912 et C avec une envergure r\u00e9duite. La version B fut introduite en 1995 et est toujours disponible. La version C apparut en 2002. La sous-variante CTS, apparue en 2008, dispose d&rsquo;un train tricycle.<\/p>\n","protected":false},"excerpt":{"rendered":"<p>&nbsp; Le T\u00e9tras a fait partie de notre flotte jusqu&rsquo;en 2015. Le T\u00e9tras est un ULM biplace c\u00f4te-\u00e0-c\u00f4te fran\u00e7ais, monomoteur \u00e0 ailes hautes hauban\u00e9es et pourvu d&rsquo;un train classique fixe. Il a \u00e9t\u00e9 con\u00e7u en 1991 par la firme Humbert<\/p>\n","protected":false},"author":1,"featured_media":263,"comment_status":"closed","ping_status":"closed","sticky":false,"template":"","format":"standard","meta":{"cybocfi_hide_featured_image":"","footnotes":""},"categories":[35,46],"tags":[7,8,9,10,11,12,13,14,16,17,18,19,20,21,22,23,24,50,25,26,27],"class_list":["post-2067","post","type-post","status-publish","format-standard","has-post-thumbnail","hentry","category-lecole-de-pilotage","category-nos-appareils","tag-aeroclub","tag-aeroclub-les-ailes-montpellieraines","tag-aerodrome-montpellier-candillargues","tag-ailes-montpellieraines","tag-bapteme-de-lair","tag-brevet-pilote","tag-candillargues","tag-ecole-de-pilotage","tag-formation","tag-formation-pilote","tag-herault","tag-information-ulm","tag-les-ailes-montpellieraines","tag-littoral","tag-montpellier","tag-photo-aerienne","tag-piloter","tag-tetras","tag-travaux-aeriens","tag-ulm","tag-voler"],"_links":{"self":[{"href":"https:\/\/www.ailes-montpellieraines.fr\/index.php\/wp-json\/wp\/v2\/posts\/2067","targetHints":{"allow":["GET"]}}],"collection":[{"href":"https:\/\/www.ailes-montpellieraines.fr\/index.php\/wp-json\/wp\/v2\/posts"}],"about":[{"href":"https:\/\/www.ailes-montpellieraines.fr\/index.php\/wp-json\/wp\/v2\/types\/post"}],"author":[{"embeddable":true,"href":"https:\/\/www.ailes-montpellieraines.fr\/index.php\/wp-json\/wp\/v2\/users\/1"}],"replies":[{"embeddable":true,"href":"https:\/\/www.ailes-montpellieraines.fr\/index.php\/wp-json\/wp\/v2\/comments?post=2067"}],"version-history":[{"count":0,"href":"https:\/\/www.ailes-montpellieraines.fr\/index.php\/wp-json\/wp\/v2\/posts\/2067\/revisions"}],"wp:featuredmedia":[{"embeddable":true,"href":"https:\/\/www.ailes-montpellieraines.fr\/index.php\/wp-json\/"}],"wp:attachment":[{"href":"https:\/\/www.ailes-montpellieraines.fr\/index.php\/wp-json\/wp\/v2\/media?parent=2067"}],"wp:term":[{"taxonomy":"category","embeddable":true,"href":"https:\/\/www.ailes-montpellieraines.fr\/index.php\/wp-json\/wp\/v2\/categories?post=2067"},{"taxonomy":"post_tag","embeddable":true,"href":"https:\/\/www.ailes-montpellieraines.fr\/index.php\/wp-json\/wp\/v2\/tags?post=2067"}],"curies":[{"name":"wp","href":"https:\/\/api.w.org\/{rel}","templated":true}]}}