{"id":2042,"date":"2018-05-30T12:53:41","date_gmt":"2018-05-30T10:53:41","guid":{"rendered":"http:\/\/www.ailes-montpellieraines.fr\/?p=2042"},"modified":"2018-05-30T12:53:41","modified_gmt":"2018-05-30T10:53:41","slug":"rallye-ulm-occitanie","status":"publish","type":"post","link":"https:\/\/www.ailes-montpellieraines.fr\/index.php\/2018\/05\/30\/rallye-ulm-occitanie\/","title":{"rendered":"RALLYE ULM OCCITANIE"},"content":{"rendered":"<p>Bonjour \u00e0 toutes et \u00e0 tous,<br \/>\nnous vous rappelons que le Comit\u00e9 R\u00e9gional ULM organise le 1er rallye ULM de la r\u00e9gion Occitanie les 9 et 10 Juin 2018. Pour celles et ceux qui n&rsquo;ont pas encore r\u00e9pondu, vous pouvez toujours vous inscrire. Les coordonn\u00e9es des personnes \u00e0 contacter sont dans le document pdf : <a href=\"http:\/\/cdulm34.fr\/index.php\/2018\/05\/21\/rallye-ulm-occitanie-9-10-juin-2018-saint-girons\/\" target=\"_blank\" rel=\"noopener noreferrer\">suivre le lien<\/a><br \/>\nD&rsquo;autre part, suite \u00e0 notre mail du 29 Avril, concernant les besoins d&rsquo;achat de radio 8.33kHz, nous avons re\u00e7u les premi\u00e8res r\u00e9ponses. Merci aux clubs, aux particuliers &#8230; qui nous ont r\u00e9pondu. Cependant, afin de pouvoir envisager une n\u00e9gociation efficace aupr\u00e8s des revendeurs , il nous faut recenser un maximum de demandes. N&rsquo;h\u00e9sitez donc pas \u00e0 contacter si vous ne l&rsquo;avez pas encore fait, Michel Raget (\u00a0<a href=\"mailto:raget.michel@free.fr\" target=\"_blank\" rel=\"noopener noreferrer\">raget.michel@free.fr<\/a>\u00a0) le coordinateur de cette action.<br \/>\nBon vols \u00e0 toutes et \u00e0 tous !<br \/>\n<img decoding=\"async\" class=\"CToWUd a6T\" tabindex=\"0\" src=\"https:\/\/ci5.googleusercontent.com\/proxy\/4FL7a2gkDFE7ng6VbudKVSYOW9nf4zIPr-0QteTT5lsYvgurzfMDWKUlRCFYvcqyUU0oC8kn_v2lJbFVgIw8CkoZgJpAUOWl2iYaPN3tdc_dS_nrI2_nvSX78EdZvQ=s0-d-e1-ft#http:\/\/ulm-midi-pyrenees.ffplum.com\/images\/logos\/logocourrierCrulmOc.png\" alt=\"logocourrierCrulmOc\" width=\"166\" height=\"166\" \/><\/p>\n","protected":false},"excerpt":{"rendered":"<p>Bonjour \u00e0 toutes et \u00e0 tous, nous vous rappelons que le Comit\u00e9 R\u00e9gional ULM organise le 1er rallye ULM de la r\u00e9gion Occitanie les 9 et 10 Juin 2018. Pour celles et ceux qui n&rsquo;ont pas encore r\u00e9pondu, vous pouvez<\/p>\n","protected":false},"author":1,"featured_media":2043,"comment_status":"closed","ping_status":"closed","sticky":false,"template":"","format":"standard","meta":{"cybocfi_hide_featured_image":"","footnotes":""},"categories":[52,30],"tags":[51,12,57,60,24,26,27],"class_list":["post-2042","post","type-post","status-publish","format-standard","has-post-thumbnail","hentry","category-actu-ulm","category-actualites","tag-actualites-ulm","tag-brevet-pilote","tag-cdulm34","tag-crulm-occitanie","tag-piloter","tag-ulm","tag-voler"],"_links":{"self":[{"href":"https:\/\/www.ailes-montpellieraines.fr\/index.php\/wp-json\/wp\/v2\/posts\/2042","targetHints":{"allow":["GET"]}}],"collection":[{"href":"https:\/\/www.ailes-montpellieraines.fr\/index.php\/wp-json\/wp\/v2\/posts"}],"about":[{"href":"https:\/\/www.ailes-montpellieraines.fr\/index.php\/wp-json\/wp\/v2\/types\/post"}],"author":[{"embeddable":true,"href":"https:\/\/www.ailes-montpellieraines.fr\/index.php\/wp-json\/wp\/v2\/users\/1"}],"replies":[{"embeddable":true,"href":"https:\/\/www.ailes-montpellieraines.fr\/index.php\/wp-json\/wp\/v2\/comments?post=2042"}],"version-history":[{"count":0,"href":"https:\/\/www.ailes-montpellieraines.fr\/index.php\/wp-json\/wp\/v2\/posts\/2042\/revisions"}],"wp:featuredmedia":[{"embeddable":true,"href":"https:\/\/www.ailes-montpellieraines.fr\/index.php\/wp-json\/wp\/v2\/media\/2043"}],"wp:attachment":[{"href":"https:\/\/www.ailes-montpellieraines.fr\/index.php\/wp-json\/wp\/v2\/media?parent=2042"}],"wp:term":[{"taxonomy":"category","embeddable":true,"href":"https:\/\/www.ailes-montpellieraines.fr\/index.php\/wp-json\/wp\/v2\/categories?post=2042"},{"taxonomy":"post_tag","embeddable":true,"href":"https:\/\/www.ailes-montpellieraines.fr\/index.php\/wp-json\/wp\/v2\/tags?post=2042"}],"curies":[{"name":"wp","href":"https:\/\/api.w.org\/{rel}","templated":true}]}}