{"id":1987,"date":"2018-05-21T16:32:57","date_gmt":"2018-05-21T14:32:57","guid":{"rendered":"http:\/\/www.ailes-montpellieraines.fr\/?p=1987"},"modified":"2018-05-21T16:32:57","modified_gmt":"2018-05-21T14:32:57","slug":"rallye-decouverte-cdulm34-bedarieux-2018","status":"publish","type":"post","link":"https:\/\/www.ailes-montpellieraines.fr\/index.php\/2018\/05\/21\/rallye-decouverte-cdulm34-bedarieux-2018\/","title":{"rendered":"Rallye D\u00e9couverte CDULM34 \/ B\u00e9darieux 26 mai 2018"},"content":{"rendered":"<p><strong>Extrait du R\u00e8glement\u00a0:<\/strong><br \/>\n<strong>\u00a0<\/strong>Le point de rendez-vous est sur l\u2019<strong>A\u00e9rodrome de B\u00e9darieux \u2013 LFNX\u00a0 :\u00a0\u00a0<a href=\"http:\/\/cdulm34.fr\/wp-content\/uploads\/2018\/04\/AD-2.LFNX_.pdf\">AD-2.LFNX<\/a><\/strong><br \/>\nLe Rallye est ouvert aux a\u00e9ronefs poss\u00e9dant un CDN ou CNRA\u00a0: ULM multiaxes, pendulaires et autogires, ainsi qu\u2019avions monomoteurs.<br \/>\nPour participer, il est n\u00e9cessaire d\u2019\u00eatre titulaire d\u2019une licence FFPLUM ou FFA en cours de validit\u00e9.<br \/>\nLes \u00e9preuves se d\u00e9roulent selon les r\u00e8gles du vol \u00e0 vue (VFR), en conditions VMC, en vue du sol, hors des nuages et dans le strict respect des r\u00e8gles de l\u2019air.<br \/>\nL\u2019arriv\u00e9e des concurrents se fait entre 08h00 et 10h00, avec un accueil \u00ab\u00a0Caf\u00e9, croissants\u00a0\u00bb.<br \/>\n<strong>Inscriptions\u00a0:<\/strong><br \/>\nL\u2019engagement est gratuit\u00a0; veuillez cependant vous inscrire plusieurs jours \u00e0 l\u2019avance, afin que nous puissions assurer l\u2019intendance. Pour cela, veuillez indiquer dans votre mail\u00a0: Votre nom \/ Le type d\u2019appareil + identification \/ + indiquer\u00a0: \u00ab\u00a0Seul\u00a0\u00bb ou \u00ab\u00a0accompagn\u00e9\u00a0\u00bb.<br \/>\n<strong>\u00a0<\/strong><strong>Votre inscription est \u00e0 faire aupr\u00e8s de Roland Galibert, \u00e0 l\u2019adresse suivante\u00a0:<\/strong><br \/>\n<a href=\"mailto:roland.galibert@hotmail.fr\">roland.galibert@hotmail.fr<\/a><br \/>\n&nbsp;<br \/>\n<a href=\"https:\/\/www.facebook.com\/events\/416547315475257\/\" target=\"_blank\" rel=\"noopener noreferrer\">Lien vers L\u2019\u00e9v\u00e9nement Facebook<\/a><br \/>\n<strong><em>Bons vols \u00e0 tous, &amp; rendez-vous le samedi 26 mai, \u00e0 B\u00e9darieux.<\/em><\/strong><br \/>\n&nbsp;<br \/>\nhttp:\/\/cdulm34.fr\/index.php\/2018\/04\/13\/rallye-cdulm34-bedarieux-2018\/<\/p>\n","protected":false},"excerpt":{"rendered":"<p>Extrait du R\u00e8glement\u00a0: \u00a0Le point de rendez-vous est sur l\u2019A\u00e9rodrome de B\u00e9darieux \u2013 LFNX\u00a0 :\u00a0\u00a0AD-2.LFNX Le Rallye est ouvert aux a\u00e9ronefs poss\u00e9dant un CDN ou CNRA\u00a0: ULM multiaxes, pendulaires et autogires, ainsi qu\u2019avions monomoteurs. Pour participer, il est n\u00e9cessaire d\u2019\u00eatre<\/p>\n","protected":false},"author":1,"featured_media":1988,"comment_status":"closed","ping_status":"closed","sticky":false,"template":"","format":"standard","meta":{"cybocfi_hide_featured_image":"","footnotes":""},"categories":[52,30],"tags":[],"class_list":["post-1987","post","type-post","status-publish","format-standard","has-post-thumbnail","hentry","category-actu-ulm","category-actualites"],"_links":{"self":[{"href":"https:\/\/www.ailes-montpellieraines.fr\/index.php\/wp-json\/wp\/v2\/posts\/1987","targetHints":{"allow":["GET"]}}],"collection":[{"href":"https:\/\/www.ailes-montpellieraines.fr\/index.php\/wp-json\/wp\/v2\/posts"}],"about":[{"href":"https:\/\/www.ailes-montpellieraines.fr\/index.php\/wp-json\/wp\/v2\/types\/post"}],"author":[{"embeddable":true,"href":"https:\/\/www.ailes-montpellieraines.fr\/index.php\/wp-json\/wp\/v2\/users\/1"}],"replies":[{"embeddable":true,"href":"https:\/\/www.ailes-montpellieraines.fr\/index.php\/wp-json\/wp\/v2\/comments?post=1987"}],"version-history":[{"count":0,"href":"https:\/\/www.ailes-montpellieraines.fr\/index.php\/wp-json\/wp\/v2\/posts\/1987\/revisions"}],"wp:featuredmedia":[{"embeddable":true,"href":"https:\/\/www.ailes-montpellieraines.fr\/index.php\/wp-json\/wp\/v2\/media\/1988"}],"wp:attachment":[{"href":"https:\/\/www.ailes-montpellieraines.fr\/index.php\/wp-json\/wp\/v2\/media?parent=1987"}],"wp:term":[{"taxonomy":"category","embeddable":true,"href":"https:\/\/www.ailes-montpellieraines.fr\/index.php\/wp-json\/wp\/v2\/categories?post=1987"},{"taxonomy":"post_tag","embeddable":true,"href":"https:\/\/www.ailes-montpellieraines.fr\/index.php\/wp-json\/wp\/v2\/tags?post=1987"}],"curies":[{"name":"wp","href":"https:\/\/api.w.org\/{rel}","templated":true}]}}