{"id":1947,"date":"2018-04-09T22:52:21","date_gmt":"2018-04-09T20:52:21","guid":{"rendered":"http:\/\/www.ailes-montpellieraines.fr\/?p=1947"},"modified":"2018-04-09T22:52:21","modified_gmt":"2018-04-09T20:52:21","slug":"journees-academiques-espace-aero-11-au-13-avril-2018","status":"publish","type":"post","link":"https:\/\/www.ailes-montpellieraines.fr\/index.php\/2018\/04\/09\/journees-academiques-espace-aero-11-au-13-avril-2018\/","title":{"rendered":"Journ\u00e9es acad\u00e9miques Espace &amp; A\u00e9ro \/ 11 au 13 avril 2018"},"content":{"rendered":"<p>&nbsp;<br \/>\n&nbsp;<br \/>\nCi-apr\u00e8s le programme complet : Montpellier, M\u00e9diath\u00e8que \u00e9mile Zola, A\u00e9roport de Montpellier, A\u00e9rodrome de Candillargues.<br \/>\n&nbsp;<br \/>\n<a href=\"http:\/\/newsite.ailes-montpellieraines.fr\/wp-content\/uploads\/2018\/04\/JAEA-Programme-page-1-1-1.pdf\">JAEA-Programme page 1<\/a><br \/>\n&nbsp;<br \/>\n<a href=\"http:\/\/newsite.ailes-montpellieraines.fr\/wp-content\/uploads\/2018\/04\/JAEA-Programme-page-2-1-1.pdf\">JAEA-Programme page 2<\/a><\/p>\n","protected":false},"excerpt":{"rendered":"<p>&nbsp; &nbsp; Ci-apr\u00e8s le programme complet : Montpellier, M\u00e9diath\u00e8que \u00e9mile Zola, A\u00e9roport de Montpellier, A\u00e9rodrome de Candillargues. &nbsp; JAEA-Programme page 1 &nbsp; JAEA-Programme page 2<\/p>\n","protected":false},"author":1,"featured_media":1638,"comment_status":"closed","ping_status":"closed","sticky":false,"template":"","format":"standard","meta":{"cybocfi_hide_featured_image":"","footnotes":""},"categories":[52,30],"tags":[51,9,10,11,57,14],"class_list":["post-1947","post","type-post","status-publish","format-standard","has-post-thumbnail","hentry","category-actu-ulm","category-actualites","tag-actualites-ulm","tag-aerodrome-montpellier-candillargues","tag-ailes-montpellieraines","tag-bapteme-de-lair","tag-cdulm34","tag-ecole-de-pilotage"],"_links":{"self":[{"href":"https:\/\/www.ailes-montpellieraines.fr\/index.php\/wp-json\/wp\/v2\/posts\/1947","targetHints":{"allow":["GET"]}}],"collection":[{"href":"https:\/\/www.ailes-montpellieraines.fr\/index.php\/wp-json\/wp\/v2\/posts"}],"about":[{"href":"https:\/\/www.ailes-montpellieraines.fr\/index.php\/wp-json\/wp\/v2\/types\/post"}],"author":[{"embeddable":true,"href":"https:\/\/www.ailes-montpellieraines.fr\/index.php\/wp-json\/wp\/v2\/users\/1"}],"replies":[{"embeddable":true,"href":"https:\/\/www.ailes-montpellieraines.fr\/index.php\/wp-json\/wp\/v2\/comments?post=1947"}],"version-history":[{"count":0,"href":"https:\/\/www.ailes-montpellieraines.fr\/index.php\/wp-json\/wp\/v2\/posts\/1947\/revisions"}],"wp:featuredmedia":[{"embeddable":true,"href":"https:\/\/www.ailes-montpellieraines.fr\/index.php\/wp-json\/wp\/v2\/media\/1638"}],"wp:attachment":[{"href":"https:\/\/www.ailes-montpellieraines.fr\/index.php\/wp-json\/wp\/v2\/media?parent=1947"}],"wp:term":[{"taxonomy":"category","embeddable":true,"href":"https:\/\/www.ailes-montpellieraines.fr\/index.php\/wp-json\/wp\/v2\/categories?post=1947"},{"taxonomy":"post_tag","embeddable":true,"href":"https:\/\/www.ailes-montpellieraines.fr\/index.php\/wp-json\/wp\/v2\/tags?post=1947"}],"curies":[{"name":"wp","href":"https:\/\/api.w.org\/{rel}","templated":true}]}}