{"id":1826,"date":"2017-09-18T14:28:37","date_gmt":"2017-09-18T12:28:37","guid":{"rendered":"http:\/\/www.ailes-montpellieraines.fr\/?p=1826"},"modified":"2017-09-18T14:28:37","modified_gmt":"2017-09-18T12:28:37","slug":"rassemblement-regional-a-millau-une-reussite","status":"publish","type":"post","link":"https:\/\/www.ailes-montpellieraines.fr\/index.php\/2017\/09\/18\/rassemblement-regional-a-millau-une-reussite\/","title":{"rendered":"Rassemblement r\u00e9gional \u00e0 Millau : une r\u00e9ussite !"},"content":{"rendered":"<p>Samedi, nous nous sommes retrouv\u00e9s \u00e0 Millau.<br \/>\nToutes les classes d&rsquo;ULM \u00e9taient pr\u00e9sentes ou presque, avec 25 appareils et une cinquantaine de pilotes.<br \/>\nNous avons \u00e9t\u00e9 accueillis par le Pr\u00e9sident de Millau et Bruno Rascalou du Comit\u00e9 r\u00e9gional Occitanie.<br \/>\nBelle balade, moment convivial pour tous les participants venus de Candillargues : Fr\u00e9d\u00e9ric, Fabrice, Maurice, Olivier et Charlaine.<br \/>\n&nbsp;<br \/>\n<a href=\"http:\/\/cdulm34.fr\/index.php\/2017\/09\/18\/rassemblement-regional\/\" target=\"_blank\" rel=\"noopener noreferrer\">Voir quelques images sur le site du CDULM34<\/a><br \/>\n&nbsp;<\/p>\n","protected":false},"excerpt":{"rendered":"<p>Samedi, nous nous sommes retrouv\u00e9s \u00e0 Millau. Toutes les classes d&rsquo;ULM \u00e9taient pr\u00e9sentes ou presque, avec 25 appareils et une cinquantaine de pilotes. Nous avons \u00e9t\u00e9 accueillis par le Pr\u00e9sident de Millau et Bruno Rascalou du Comit\u00e9 r\u00e9gional Occitanie. Belle<\/p>\n","protected":false},"author":1,"featured_media":1803,"comment_status":"closed","ping_status":"closed","sticky":false,"template":"","format":"standard","meta":{"cybocfi_hide_featured_image":"","footnotes":""},"categories":[52,30,43],"tags":[],"class_list":["post-1826","post","type-post","status-publish","format-standard","has-post-thumbnail","hentry","category-actu-ulm","category-actualites","category-temoignages"],"_links":{"self":[{"href":"https:\/\/www.ailes-montpellieraines.fr\/index.php\/wp-json\/wp\/v2\/posts\/1826","targetHints":{"allow":["GET"]}}],"collection":[{"href":"https:\/\/www.ailes-montpellieraines.fr\/index.php\/wp-json\/wp\/v2\/posts"}],"about":[{"href":"https:\/\/www.ailes-montpellieraines.fr\/index.php\/wp-json\/wp\/v2\/types\/post"}],"author":[{"embeddable":true,"href":"https:\/\/www.ailes-montpellieraines.fr\/index.php\/wp-json\/wp\/v2\/users\/1"}],"replies":[{"embeddable":true,"href":"https:\/\/www.ailes-montpellieraines.fr\/index.php\/wp-json\/wp\/v2\/comments?post=1826"}],"version-history":[{"count":0,"href":"https:\/\/www.ailes-montpellieraines.fr\/index.php\/wp-json\/wp\/v2\/posts\/1826\/revisions"}],"wp:featuredmedia":[{"embeddable":true,"href":"https:\/\/www.ailes-montpellieraines.fr\/index.php\/wp-json\/wp\/v2\/media\/1803"}],"wp:attachment":[{"href":"https:\/\/www.ailes-montpellieraines.fr\/index.php\/wp-json\/wp\/v2\/media?parent=1826"}],"wp:term":[{"taxonomy":"category","embeddable":true,"href":"https:\/\/www.ailes-montpellieraines.fr\/index.php\/wp-json\/wp\/v2\/categories?post=1826"},{"taxonomy":"post_tag","embeddable":true,"href":"https:\/\/www.ailes-montpellieraines.fr\/index.php\/wp-json\/wp\/v2\/tags?post=1826"}],"curies":[{"name":"wp","href":"https:\/\/api.w.org\/{rel}","templated":true}]}}