{"id":1637,"date":"2017-03-01T23:33:15","date_gmt":"2017-03-01T22:33:15","guid":{"rendered":"http:\/\/www.ailes-montpellieraines.fr\/?p=1637"},"modified":"2017-03-01T23:33:15","modified_gmt":"2017-03-01T22:33:15","slug":"1637-2","status":"publish","type":"post","link":"https:\/\/www.ailes-montpellieraines.fr\/index.php\/2017\/03\/01\/1637-2\/","title":{"rendered":"BIA : Accueil des \u00e9l\u00e8ves de P\u00e9rols \u00e0 Candillargues"},"content":{"rendered":"<p style=\"text-align: center;\"><strong>L&rsquo;A\u00e9roclub a accueilli ce 1er mars des\u00a0\u00e9l\u00e8ves candidats au brevet d&rsquo;initiation \u00e0 l&rsquo;a\u00e9ronautique (BIA)\u00a0<\/strong><\/p>\n<p>&nbsp;<br \/>\nLes contacts \u00e9tablis par le CDULM34 avec l&rsquo;Acad\u00e9mie de Montpellier ont permis\u00a0ce 1er mars 2017 d&rsquo;accueillir une premi\u00e8re fois des \u00e9l\u00e8ves BIA du coll\u00e8ge de P\u00e9rols au sein de notre A\u00e9roclub, \u00e0 Candillargues.<br \/>\nLe Pr\u00e9sident des Ailes Montpelli\u00e9raines, Jean-Paul Leweurs a accueilli la classe de BIA du coll\u00e8ge Fr\u00e9d\u00e9ric Mistral, en pr\u00e9sence de Nicolas Cheymol, IA-IPR Sciences Physiques et Chimiques, correspondant acad\u00e9miques Sciences et technologie, et d\u00e9l\u00e9gu\u00e9 \u00e0 la formation a\u00e9ronautique.<br \/>\n<a href=\"http:\/\/newsite.ailes-montpellieraines.fr\/wp-content\/uploads\/2017\/03\/IMG_4847-1.jpg\"><img fetchpriority=\"high\" decoding=\"async\" class=\"aligncenter size-medium wp-image-1646\" src=\"http:\/\/newsite.ailes-montpellieraines.fr\/wp-content\/uploads\/2017\/03\/IMG_4847-1-300x194.jpg\" alt=\"\" width=\"300\" height=\"194\" srcset=\"https:\/\/www.ailes-montpellieraines.fr\/wp-content\/uploads\/2017\/03\/IMG_4847-1-300x194.jpg 300w, https:\/\/www.ailes-montpellieraines.fr\/wp-content\/uploads\/2017\/03\/IMG_4847-1-1024x663.jpg 1024w, https:\/\/www.ailes-montpellieraines.fr\/wp-content\/uploads\/2017\/03\/IMG_4847-1-768x497.jpg 768w, https:\/\/www.ailes-montpellieraines.fr\/wp-content\/uploads\/2017\/03\/IMG_4847-1-1536x994.jpg 1536w, https:\/\/www.ailes-montpellieraines.fr\/wp-content\/uploads\/2017\/03\/IMG_4847-1-2048x1325.jpg 2048w\" sizes=\"(max-width: 300px) 100vw, 300px\" \/><\/a>Encadr\u00e9s par Jean-Philippe Ruiz, charg\u00e9 de mission a\u00e9ronautique aupr\u00e8s de l&rsquo;Acad\u00e9mie accompagn\u00e9 de Jean Jacques Calliet, Patrick Le Berre, et de trois instructeurs des ailes Montpelli\u00e9raines, Yvan Pham, Fabrice Girelli et Maurice Villemin, les \u00e9l\u00e8ves ont d\u00e9couvert le fonctionnement d&rsquo;un a\u00e9rodrome non contr\u00f4l\u00e9, et ont pu s&rsquo;initier une apr\u00e8s-midi durant, \u00e0 la sp\u00e9cificit\u00e9 des ULM.<br \/>\n<a href=\"http:\/\/newsite.ailes-montpellieraines.fr\/wp-content\/uploads\/2017\/03\/IMG_4848-1.jpg\"><img decoding=\"async\" class=\"aligncenter size-medium wp-image-1645\" src=\"http:\/\/newsite.ailes-montpellieraines.fr\/wp-content\/uploads\/2017\/03\/IMG_4848-1-300x225.jpg\" alt=\"\" width=\"300\" height=\"225\" srcset=\"https:\/\/www.ailes-montpellieraines.fr\/wp-content\/uploads\/2017\/03\/IMG_4848-1-300x225.jpg 300w, https:\/\/www.ailes-montpellieraines.fr\/wp-content\/uploads\/2017\/03\/IMG_4848-1-1024x768.jpg 1024w, https:\/\/www.ailes-montpellieraines.fr\/wp-content\/uploads\/2017\/03\/IMG_4848-1-768x576.jpg 768w, https:\/\/www.ailes-montpellieraines.fr\/wp-content\/uploads\/2017\/03\/IMG_4848-1-1536x1152.jpg 1536w, https:\/\/www.ailes-montpellieraines.fr\/wp-content\/uploads\/2017\/03\/IMG_4848-1-2048x1536.jpg 2048w\" sizes=\"(max-width: 300px) 100vw, 300px\" \/><\/a><\/p>\n<h2>\u00a0<a href=\"http:\/\/newsite.ailes-montpellieraines.fr\/wp-content\/uploads\/2017\/03\/IMG_4858-1.jpg\"><img decoding=\"async\" class=\"aligncenter size-medium wp-image-1641\" src=\"http:\/\/newsite.ailes-montpellieraines.fr\/wp-content\/uploads\/2017\/03\/IMG_4858-1-300x225.jpg\" alt=\"\" width=\"300\" height=\"225\" srcset=\"https:\/\/www.ailes-montpellieraines.fr\/wp-content\/uploads\/2017\/03\/IMG_4858-1-300x225.jpg 300w, https:\/\/www.ailes-montpellieraines.fr\/wp-content\/uploads\/2017\/03\/IMG_4858-1-1024x768.jpg 1024w, https:\/\/www.ailes-montpellieraines.fr\/wp-content\/uploads\/2017\/03\/IMG_4858-1-768x576.jpg 768w, https:\/\/www.ailes-montpellieraines.fr\/wp-content\/uploads\/2017\/03\/IMG_4858-1-1536x1152.jpg 1536w, https:\/\/www.ailes-montpellieraines.fr\/wp-content\/uploads\/2017\/03\/IMG_4858-1-2048x1536.jpg 2048w\" sizes=\"(max-width: 300px) 100vw, 300px\" \/><\/a><\/h2>\n<p><a href=\"http:\/\/newsite.ailes-montpellieraines.fr\/wp-content\/uploads\/2017\/03\/IMG_4864-1.jpg\"><img loading=\"lazy\" decoding=\"async\" class=\"aligncenter size-medium wp-image-1638\" src=\"http:\/\/newsite.ailes-montpellieraines.fr\/wp-content\/uploads\/2017\/03\/IMG_4864-1-300x225.jpg\" alt=\"\" width=\"300\" height=\"225\" srcset=\"https:\/\/www.ailes-montpellieraines.fr\/wp-content\/uploads\/2017\/03\/IMG_4864-1-300x225.jpg 300w, https:\/\/www.ailes-montpellieraines.fr\/wp-content\/uploads\/2017\/03\/IMG_4864-1-1024x768.jpg 1024w, https:\/\/www.ailes-montpellieraines.fr\/wp-content\/uploads\/2017\/03\/IMG_4864-1-768x576.jpg 768w, https:\/\/www.ailes-montpellieraines.fr\/wp-content\/uploads\/2017\/03\/IMG_4864-1-1536x1152.jpg 1536w, https:\/\/www.ailes-montpellieraines.fr\/wp-content\/uploads\/2017\/03\/IMG_4864-1-2048x1536.jpg 2048w\" sizes=\"(max-width: 300px) 100vw, 300px\" \/><\/a><br \/>\n<a href=\"http:\/\/newsite.ailes-montpellieraines.fr\/wp-content\/uploads\/2017\/03\/IMG_4853-1.jpg\"><img loading=\"lazy\" decoding=\"async\" class=\"aligncenter size-medium wp-image-1643\" src=\"http:\/\/newsite.ailes-montpellieraines.fr\/wp-content\/uploads\/2017\/03\/IMG_4853-1-300x225.jpg\" alt=\"\" width=\"300\" height=\"225\" srcset=\"https:\/\/www.ailes-montpellieraines.fr\/wp-content\/uploads\/2017\/03\/IMG_4853-1-300x225.jpg 300w, https:\/\/www.ailes-montpellieraines.fr\/wp-content\/uploads\/2017\/03\/IMG_4853-1-1024x768.jpg 1024w, https:\/\/www.ailes-montpellieraines.fr\/wp-content\/uploads\/2017\/03\/IMG_4853-1-768x576.jpg 768w, https:\/\/www.ailes-montpellieraines.fr\/wp-content\/uploads\/2017\/03\/IMG_4853-1-1536x1152.jpg 1536w, https:\/\/www.ailes-montpellieraines.fr\/wp-content\/uploads\/2017\/03\/IMG_4853-1-2048x1536.jpg 2048w\" sizes=\"(max-width: 300px) 100vw, 300px\" \/><\/a><\/p>\n","protected":false},"excerpt":{"rendered":"<p>L&rsquo;A\u00e9roclub a accueilli ce 1er mars des\u00a0\u00e9l\u00e8ves candidats au brevet d&rsquo;initiation \u00e0 l&rsquo;a\u00e9ronautique (BIA)\u00a0 &nbsp; Les contacts \u00e9tablis par le CDULM34 avec l&rsquo;Acad\u00e9mie de Montpellier ont permis\u00a0ce 1er mars 2017 d&rsquo;accueillir une premi\u00e8re fois des \u00e9l\u00e8ves BIA du coll\u00e8ge de<\/p>\n","protected":false},"author":1,"featured_media":1640,"comment_status":"closed","ping_status":"closed","sticky":false,"template":"","format":"standard","meta":{"cybocfi_hide_featured_image":"","footnotes":""},"categories":[52,30],"tags":[],"class_list":["post-1637","post","type-post","status-publish","format-standard","has-post-thumbnail","hentry","category-actu-ulm","category-actualites"],"_links":{"self":[{"href":"https:\/\/www.ailes-montpellieraines.fr\/index.php\/wp-json\/wp\/v2\/posts\/1637","targetHints":{"allow":["GET"]}}],"collection":[{"href":"https:\/\/www.ailes-montpellieraines.fr\/index.php\/wp-json\/wp\/v2\/posts"}],"about":[{"href":"https:\/\/www.ailes-montpellieraines.fr\/index.php\/wp-json\/wp\/v2\/types\/post"}],"author":[{"embeddable":true,"href":"https:\/\/www.ailes-montpellieraines.fr\/index.php\/wp-json\/wp\/v2\/users\/1"}],"replies":[{"embeddable":true,"href":"https:\/\/www.ailes-montpellieraines.fr\/index.php\/wp-json\/wp\/v2\/comments?post=1637"}],"version-history":[{"count":0,"href":"https:\/\/www.ailes-montpellieraines.fr\/index.php\/wp-json\/wp\/v2\/posts\/1637\/revisions"}],"wp:featuredmedia":[{"embeddable":true,"href":"https:\/\/www.ailes-montpellieraines.fr\/index.php\/wp-json\/wp\/v2\/media\/1640"}],"wp:attachment":[{"href":"https:\/\/www.ailes-montpellieraines.fr\/index.php\/wp-json\/wp\/v2\/media?parent=1637"}],"wp:term":[{"taxonomy":"category","embeddable":true,"href":"https:\/\/www.ailes-montpellieraines.fr\/index.php\/wp-json\/wp\/v2\/categories?post=1637"},{"taxonomy":"post_tag","embeddable":true,"href":"https:\/\/www.ailes-montpellieraines.fr\/index.php\/wp-json\/wp\/v2\/tags?post=1637"}],"curies":[{"name":"wp","href":"https:\/\/api.w.org\/{rel}","templated":true}]}}