{"id":1333,"date":"2016-07-06T11:32:37","date_gmt":"2016-07-06T09:32:37","guid":{"rendered":"http:\/\/www.ailes-montpellieraines.fr\/?p=1333"},"modified":"2016-07-06T11:32:37","modified_gmt":"2016-07-06T09:32:37","slug":"lettre-mensuelle-de-la-securite-juillet-2016","status":"publish","type":"post","link":"https:\/\/www.ailes-montpellieraines.fr\/index.php\/2016\/07\/06\/lettre-mensuelle-de-la-securite-juillet-2016\/","title":{"rendered":"Lettre mensuelle de la S\u00e9curit\u00e9 : juillet 2016"},"content":{"rendered":"<h1><strong>La Sainte h\u00e9lice (*)<\/strong><\/h1>\n<h1><strong><img decoding=\"async\" class=\"CToWUd\" src=\"https:\/\/mail.google.com\/mail\/u\/0\/?ui=2&amp;ik=b428532c10&amp;view=fimg&amp;th=155bc6c206310872&amp;attid=0.1.2&amp;disp=emb&amp;attbid=ANGjdJ8f5mtNC_bEJ640A4Fwh4j3gokICfkcSyA-5m20hZVdgeQHSQl50yA5SK-3k8xmo3g6tFMxCbeDUhZjRhY6fwqFoZV0JjpNmCjW2ZDmfc6ICRN_raE6DE7zasg&amp;sz=w104-h128&amp;ats=1467792159391&amp;rm=155bc6c206310872&amp;zw&amp;atsh=1\" alt=\"thierry\" width=\"52\" height=\"64\" align=\"left\" hspace=\"15\" \/><\/strong><\/h1>\n<h1><\/h1>\n<h1><strong><\/strong><strong><\/strong><strong>(Par \u00a0Thierry COUDERC, Pr\u00e9sident de la Commission S\u00e9curit\u00e9 des vols)<\/strong><\/h1>\n<p>Si je me r\u00e9f\u00e8re au manuel d\u2019utilisation de mon propre ULM, l\u2019alin\u00e9a de la check-list de la visite avant vol se rapportant \u00e0 l\u2019h\u00e9lice commence par\u00a0: \u00ab\u00a0ATTENTION\u00a0: c\u2019est la pi\u00e8ce la plus importante de tout l\u2019appareil\u00a0\u00bb.<br \/>\nPour lire la suite :\u00a0<a href=\"http:\/\/newsite.ailes-montpellieraines.fr\/wp-content\/uploads\/2016\/07\/lettre_securite_juillet_2016-1.pdf\">lettre_securite_juillet_2016<\/a><\/p>\n","protected":false},"excerpt":{"rendered":"<p>La Sainte h\u00e9lice (*) (Par \u00a0Thierry COUDERC, Pr\u00e9sident de la Commission S\u00e9curit\u00e9 des vols) Si je me r\u00e9f\u00e8re au manuel d\u2019utilisation de mon propre ULM, l\u2019alin\u00e9a de la check-list de la visite avant vol se rapportant \u00e0 l\u2019h\u00e9lice commence par\u00a0:<\/p>\n","protected":false},"author":1,"featured_media":500,"comment_status":"closed","ping_status":"closed","sticky":false,"template":"","format":"standard","meta":{"cybocfi_hide_featured_image":"","footnotes":""},"categories":[52],"tags":[],"class_list":["post-1333","post","type-post","status-publish","format-standard","has-post-thumbnail","hentry","category-actu-ulm"],"_links":{"self":[{"href":"https:\/\/www.ailes-montpellieraines.fr\/index.php\/wp-json\/wp\/v2\/posts\/1333","targetHints":{"allow":["GET"]}}],"collection":[{"href":"https:\/\/www.ailes-montpellieraines.fr\/index.php\/wp-json\/wp\/v2\/posts"}],"about":[{"href":"https:\/\/www.ailes-montpellieraines.fr\/index.php\/wp-json\/wp\/v2\/types\/post"}],"author":[{"embeddable":true,"href":"https:\/\/www.ailes-montpellieraines.fr\/index.php\/wp-json\/wp\/v2\/users\/1"}],"replies":[{"embeddable":true,"href":"https:\/\/www.ailes-montpellieraines.fr\/index.php\/wp-json\/wp\/v2\/comments?post=1333"}],"version-history":[{"count":0,"href":"https:\/\/www.ailes-montpellieraines.fr\/index.php\/wp-json\/wp\/v2\/posts\/1333\/revisions"}],"wp:featuredmedia":[{"embeddable":true,"href":"https:\/\/www.ailes-montpellieraines.fr\/index.php\/wp-json\/wp\/v2\/media\/500"}],"wp:attachment":[{"href":"https:\/\/www.ailes-montpellieraines.fr\/index.php\/wp-json\/wp\/v2\/media?parent=1333"}],"wp:term":[{"taxonomy":"category","embeddable":true,"href":"https:\/\/www.ailes-montpellieraines.fr\/index.php\/wp-json\/wp\/v2\/categories?post=1333"},{"taxonomy":"post_tag","embeddable":true,"href":"https:\/\/www.ailes-montpellieraines.fr\/index.php\/wp-json\/wp\/v2\/tags?post=1333"}],"curies":[{"name":"wp","href":"https:\/\/api.w.org\/{rel}","templated":true}]}}